{"id":10511,"date":"2020-10-19T09:46:24","date_gmt":"2020-10-19T13:46:24","guid":{"rendered":"https:\/\/www.iea.cl\/iea\/?p=10511"},"modified":"2020-10-19T09:58:21","modified_gmt":"2020-10-19T13:58:21","slug":"segunda-conferencia-en-linea-sba-escatologia-un-estudio-de-apocalipsis","status":"publish","type":"post","link":"https:\/\/iea.cl\/iea\/segunda-conferencia-en-linea-sba-escatologia-un-estudio-de-apocalipsis\/","title":{"rendered":"Segunda Conferencia en L\u00ednea SBA &#8211; &#8220;Escatolog\u00eda&#8221; Un estudio de Apocalipsis"},"content":{"rendered":"<h2 style=\"text-align: center;\"><strong>ESCATOLOG\u00cdA: INTRODUCCI\u00d3N A APOCALIPSIS<\/strong><\/h2>\n<p>\u201cBienaventurado el que lee, y los que oyen las palabras de esta profec\u00eda, y guardan las cosas en ella escritas: porque el tiempo est\u00e1 cerca\u201d (Apoc. 1:3)<\/p>\n<p>Sin duda alguna, estudiar Las Escrituras, siempre trae bendici\u00f3n. La Biblia nos ense\u00f1a que \u201cToda la Escritura es inspirada divinamente\u201d, esto incluye al Apocalipsis. Para algunos es un libro dif\u00edcil de entender, para otros no es tan importante su estudio, etc. La Biblia es un todo y sin el Apocalipsis no tendr\u00edamos el panorama general. La bienaventuranza citada en el libro tiene mucho sentido, somos inmensamente felices al estudiar el Apocalipsis. Somos bienaventurados al leer, al o\u00edr y obedecer, las cosas escritas en este libro, porque la esperanza final que nos presenta el Apocalipsis es que la iglesia disfrutar\u00e1 eternamente de la presencia de Cristo.<br \/>\nLes invitamos cordialmente al estudio de este libro, el cual ser\u00e1 muy beneficioso, sobre todo en este tiempo, cuando vemos que \u201cel tiempo est\u00e1 cerca\u201d.<br \/>\n\u201cCiertamente, vengo en breve. Am\u00e9n, sea as\u00ed. Ven, Se\u00f1or Jes\u00fas\u201d (Apoc. 22:20).<\/p>\n<p style=\"text-align: center;\"><iframe src=\"https:\/\/www.youtube.com\/embed\/DP5B0bVV68w\" width=\"560\" height=\"315\" frameborder=\"0\" allowfullscreen=\"allowfullscreen\"><\/iframe><\/p>\n","protected":false},"excerpt":{"rendered":"<p>ESCATOLOG\u00cdA: INTRODUCCI\u00d3N A APOCALIPSIS \u201cBienaventurado el que lee, y los que oyen las palabras de esta profec\u00eda, y guardan las [&hellip;]<\/p>\n","protected":false},"author":1,"featured_media":10515,"comment_status":"closed","ping_status":"closed","sticky":false,"template":"","format":"standard","meta":{"site-sidebar-layout":"default","site-content-layout":"","ast-site-content-layout":"default","site-content-style":"default","site-sidebar-style":"default","ast-global-header-display":"","ast-banner-title-visibility":"","ast-main-header-display":"","ast-hfb-above-header-display":"","ast-hfb-below-header-display":"","ast-hfb-mobile-header-display":"","site-post-title":"","ast-breadcrumbs-content":"","ast-featured-img":"","footer-sml-layout":"","ast-disable-related-posts":"","theme-transparent-header-meta":"","adv-header-id-meta":"","stick-header-meta":"","header-above-stick-meta":"","header-main-stick-meta":"","header-below-stick-meta":"","astra-migrate-meta-layouts":"default","ast-page-background-enabled":"default","ast-page-background-meta":{"desktop":{"background-color":"var(--ast-global-color-5)","background-image":"","background-repeat":"repeat","background-position":"center center","background-size":"auto","background-attachment":"scroll","background-type":"","background-media":"","overlay-type":"","overlay-color":"","overlay-opacity":"","overlay-gradient":""},"tablet":{"background-color":"","background-image":"","background-repeat":"repeat","background-position":"center center","background-size":"auto","background-attachment":"scroll","background-type":"","background-media":"","overlay-type":"","overlay-color":"","overlay-opacity":"","overlay-gradient":""},"mobile":{"background-color":"","background-image":"","background-repeat":"repeat","background-position":"center center","background-size":"auto","background-attachment":"scroll","background-type":"","background-media":"","overlay-type":"","overlay-color":"","overlay-opacity":"","overlay-gradient":""}},"ast-content-background-meta":{"desktop":{"background-color":"var(--ast-global-color-4)","background-image":"","background-repeat":"repeat","background-position":"center center","background-size":"auto","background-attachment":"scroll","background-type":"","background-media":"","overlay-type":"","overlay-color":"","overlay-opacity":"","overlay-gradient":""},"tablet":{"background-color":"var(--ast-global-color-4)","background-image":"","background-repeat":"repeat","background-position":"center center","background-size":"auto","background-attachment":"scroll","background-type":"","background-media":"","overlay-type":"","overlay-color":"","overlay-opacity":"","overlay-gradient":""},"mobile":{"background-color":"var(--ast-global-color-4)","background-image":"","background-repeat":"repeat","background-position":"center center","background-size":"auto","background-attachment":"scroll","background-type":"","background-media":"","overlay-type":"","overlay-color":"","overlay-opacity":"","overlay-gradient":""}},"_jetpack_newsletter_access":"","_jetpack_dont_email_post_to_subs":false,"_jetpack_newsletter_tier_id":0,"_jetpack_memberships_contains_paywalled_content":false,"_jetpack_feature_clip_id":0,"_jetpack_memberships_contains_paid_content":false,"footnotes":"","jetpack_post_was_ever_published":false},"categories":[89,8,1],"tags":[90,71,81],"class_list":["post-10511","post","type-post","status-publish","format-standard","has-post-thumbnail","hentry","category-conferencia","category-noticias","category-sin-categoria","tag-conferencia","tag-noticias","tag-seminario"],"yoast_head":"<!-- This site is optimized with the Yoast SEO plugin v28.4 - https:\/\/yoast.com\/product\/yoast-seo-wordpress\/ -->\n<title>Segunda Conferencia en L\u00ednea SBA - &quot;Escatolog\u00eda&quot; Un estudio de Apocalipsis - Iglesia Evang\u00e9lica Aliancista (IEA)<\/title>\n<meta name=\"robots\" content=\"index, follow, max-snippet:-1, max-image-preview:large, max-video-preview:-1\" \/>\n<link rel=\"canonical\" href=\"https:\/\/iea.cl\/iea\/segunda-conferencia-en-linea-sba-escatologia-un-estudio-de-apocalipsis\/\" \/>\n<meta property=\"og:locale\" content=\"es_ES\" \/>\n<meta property=\"og:type\" content=\"article\" \/>\n<meta property=\"og:title\" content=\"Segunda Conferencia en L\u00ednea SBA - &quot;Escatolog\u00eda&quot; Un estudio de Apocalipsis - Iglesia Evang\u00e9lica Aliancista (IEA)\" \/>\n<meta property=\"og:description\" content=\"ESCATOLOG\u00cdA: INTRODUCCI\u00d3N A APOCALIPSIS \u201cBienaventurado el que lee, y los que oyen las palabras de esta profec\u00eda, y guardan las [&hellip;]\" \/>\n<meta property=\"og:url\" content=\"https:\/\/iea.cl\/iea\/segunda-conferencia-en-linea-sba-escatologia-un-estudio-de-apocalipsis\/\" \/>\n<meta property=\"og:site_name\" content=\"Iglesia Evang\u00e9lica Aliancista (IEA)\" \/>\n<meta property=\"article:publisher\" content=\"https:\/\/www.facebook.com\/iglesiasevangelicasaliancistas\/\" \/>\n<meta property=\"article:published_time\" content=\"2020-10-19T13:46:24+00:00\" \/>\n<meta property=\"article:modified_time\" content=\"2020-10-19T13:58:21+00:00\" \/>\n<meta property=\"og:image\" content=\"https:\/\/iea.cl\/iea\/wp-content\/uploads\/2020\/10\/Conferencia.jpg\" \/>\n\t<meta property=\"og:image:width\" content=\"1366\" \/>\n\t<meta property=\"og:image:height\" content=\"767\" \/>\n\t<meta property=\"og:image:type\" content=\"image\/jpeg\" \/>\n<meta name=\"author\" content=\"Administrador IEA\" \/>\n<meta name=\"twitter:card\" content=\"summary_large_image\" \/>\n<meta name=\"twitter:label1\" content=\"Escrito por\" \/>\n\t<meta name=\"twitter:data1\" content=\"Administrador IEA\" \/>\n\t<meta name=\"twitter:label2\" content=\"Tiempo estimado de lectura\" \/>\n\t<meta name=\"twitter:data2\" content=\"1 minuto\" \/>\n<script type=\"application\/ld+json\" class=\"yoast-schema-graph\">{\"@context\":\"https:\\\/\\\/schema.org\",\"@graph\":[{\"@type\":\"Article\",\"@id\":\"https:\\\/\\\/iea.cl\\\/iea\\\/segunda-conferencia-en-linea-sba-escatologia-un-estudio-de-apocalipsis\\\/#article\",\"isPartOf\":{\"@id\":\"https:\\\/\\\/iea.cl\\\/iea\\\/segunda-conferencia-en-linea-sba-escatologia-un-estudio-de-apocalipsis\\\/\"},\"author\":{\"name\":\"Administrador IEA\",\"@id\":\"https:\\\/\\\/iea.cl\\\/iea\\\/#\\\/schema\\\/person\\\/a869a2aa9155c48929d81a6b94423e26\"},\"headline\":\"Segunda Conferencia en L\u00ednea SBA &#8211; &#8220;Escatolog\u00eda&#8221; Un estudio de Apocalipsis\",\"datePublished\":\"2020-10-19T13:46:24+00:00\",\"dateModified\":\"2020-10-19T13:58:21+00:00\",\"mainEntityOfPage\":{\"@id\":\"https:\\\/\\\/iea.cl\\\/iea\\\/segunda-conferencia-en-linea-sba-escatologia-un-estudio-de-apocalipsis\\\/\"},\"wordCount\":195,\"publisher\":{\"@id\":\"https:\\\/\\\/iea.cl\\\/iea\\\/#organization\"},\"image\":{\"@id\":\"https:\\\/\\\/iea.cl\\\/iea\\\/segunda-conferencia-en-linea-sba-escatologia-un-estudio-de-apocalipsis\\\/#primaryimage\"},\"thumbnailUrl\":\"https:\\\/\\\/iea.cl\\\/iea\\\/wp-content\\\/uploads\\\/2020\\\/10\\\/Conferencia.jpg\",\"keywords\":[\"Conferencia\",\"Noticias\",\"Seminario\"],\"articleSection\":[\"Conferencia\",\"Noticias\"],\"inLanguage\":\"es-CL\"},{\"@type\":\"WebPage\",\"@id\":\"https:\\\/\\\/iea.cl\\\/iea\\\/segunda-conferencia-en-linea-sba-escatologia-un-estudio-de-apocalipsis\\\/\",\"url\":\"https:\\\/\\\/iea.cl\\\/iea\\\/segunda-conferencia-en-linea-sba-escatologia-un-estudio-de-apocalipsis\\\/\",\"name\":\"Segunda Conferencia en L\u00ednea SBA - \\\"Escatolog\u00eda\\\" Un estudio de Apocalipsis - Iglesia Evang\u00e9lica Aliancista (IEA)\",\"isPartOf\":{\"@id\":\"https:\\\/\\\/iea.cl\\\/iea\\\/#website\"},\"primaryImageOfPage\":{\"@id\":\"https:\\\/\\\/iea.cl\\\/iea\\\/segunda-conferencia-en-linea-sba-escatologia-un-estudio-de-apocalipsis\\\/#primaryimage\"},\"image\":{\"@id\":\"https:\\\/\\\/iea.cl\\\/iea\\\/segunda-conferencia-en-linea-sba-escatologia-un-estudio-de-apocalipsis\\\/#primaryimage\"},\"thumbnailUrl\":\"https:\\\/\\\/iea.cl\\\/iea\\\/wp-content\\\/uploads\\\/2020\\\/10\\\/Conferencia.jpg\",\"datePublished\":\"2020-10-19T13:46:24+00:00\",\"dateModified\":\"2020-10-19T13:58:21+00:00\",\"breadcrumb\":{\"@id\":\"https:\\\/\\\/iea.cl\\\/iea\\\/segunda-conferencia-en-linea-sba-escatologia-un-estudio-de-apocalipsis\\\/#breadcrumb\"},\"inLanguage\":\"es-CL\",\"potentialAction\":[{\"@type\":\"ReadAction\",\"target\":[\"https:\\\/\\\/iea.cl\\\/iea\\\/segunda-conferencia-en-linea-sba-escatologia-un-estudio-de-apocalipsis\\\/\"]}]},{\"@type\":\"ImageObject\",\"inLanguage\":\"es-CL\",\"@id\":\"https:\\\/\\\/iea.cl\\\/iea\\\/segunda-conferencia-en-linea-sba-escatologia-un-estudio-de-apocalipsis\\\/#primaryimage\",\"url\":\"https:\\\/\\\/iea.cl\\\/iea\\\/wp-content\\\/uploads\\\/2020\\\/10\\\/Conferencia.jpg\",\"contentUrl\":\"https:\\\/\\\/iea.cl\\\/iea\\\/wp-content\\\/uploads\\\/2020\\\/10\\\/Conferencia.jpg\",\"width\":1366,\"height\":767},{\"@type\":\"BreadcrumbList\",\"@id\":\"https:\\\/\\\/iea.cl\\\/iea\\\/segunda-conferencia-en-linea-sba-escatologia-un-estudio-de-apocalipsis\\\/#breadcrumb\",\"itemListElement\":[{\"@type\":\"ListItem\",\"position\":1,\"name\":\"Portada\",\"item\":\"https:\\\/\\\/iea.cl\\\/iea\\\/\"},{\"@type\":\"ListItem\",\"position\":2,\"name\":\"Segunda Conferencia en L\u00ednea SBA &#8211; &#8220;Escatolog\u00eda&#8221; Un estudio de Apocalipsis\"}]},{\"@type\":\"WebSite\",\"@id\":\"https:\\\/\\\/iea.cl\\\/iea\\\/#website\",\"url\":\"https:\\\/\\\/iea.cl\\\/iea\\\/\",\"name\":\"Iglesia Evang\u00e9lica Aliancista (IEA)\",\"description\":\"Creciendo , Predicando y Defendiendo La Palabra de Dios.\",\"publisher\":{\"@id\":\"https:\\\/\\\/iea.cl\\\/iea\\\/#organization\"},\"alternateName\":\"iea.cl\",\"potentialAction\":[{\"@type\":\"SearchAction\",\"target\":{\"@type\":\"EntryPoint\",\"urlTemplate\":\"https:\\\/\\\/iea.cl\\\/iea\\\/?s={search_term_string}\"},\"query-input\":{\"@type\":\"PropertyValueSpecification\",\"valueRequired\":true,\"valueName\":\"search_term_string\"}}],\"inLanguage\":\"es-CL\"},{\"@type\":\"Organization\",\"@id\":\"https:\\\/\\\/iea.cl\\\/iea\\\/#organization\",\"name\":\"Iglesia Evangelica Aliancista\",\"alternateName\":\"iea.cl\",\"url\":\"https:\\\/\\\/iea.cl\\\/iea\\\/\",\"logo\":{\"@type\":\"ImageObject\",\"inLanguage\":\"es-CL\",\"@id\":\"https:\\\/\\\/iea.cl\\\/iea\\\/#\\\/schema\\\/logo\\\/image\\\/\",\"url\":\"https:\\\/\\\/iea.cl\\\/iea\\\/wp-content\\\/uploads\\\/2022\\\/01\\\/logo-iea-Ico.png\",\"contentUrl\":\"https:\\\/\\\/iea.cl\\\/iea\\\/wp-content\\\/uploads\\\/2022\\\/01\\\/logo-iea-Ico.png\",\"width\":185,\"height\":231,\"caption\":\"Iglesia Evangelica Aliancista\"},\"image\":{\"@id\":\"https:\\\/\\\/iea.cl\\\/iea\\\/#\\\/schema\\\/logo\\\/image\\\/\"},\"sameAs\":[\"https:\\\/\\\/www.facebook.com\\\/iglesiasevangelicasaliancistas\\\/\",\"https:\\\/\\\/www.youtube.com\\\/channel\\\/UCGYq0Rj6sj-VqrqweaW0HhA\\\/videos\"]},{\"@type\":\"Person\",\"@id\":\"https:\\\/\\\/iea.cl\\\/iea\\\/#\\\/schema\\\/person\\\/a869a2aa9155c48929d81a6b94423e26\",\"name\":\"Administrador IEA\",\"image\":{\"@type\":\"ImageObject\",\"inLanguage\":\"es-CL\",\"@id\":\"https:\\\/\\\/secure.gravatar.com\\\/avatar\\\/e774178c1125fe439d527d59f09462fd9c1c12da632145be1cf1b9645de34074?s=96&d=mm&r=g\",\"url\":\"https:\\\/\\\/secure.gravatar.com\\\/avatar\\\/e774178c1125fe439d527d59f09462fd9c1c12da632145be1cf1b9645de34074?s=96&d=mm&r=g\",\"contentUrl\":\"https:\\\/\\\/secure.gravatar.com\\\/avatar\\\/e774178c1125fe439d527d59f09462fd9c1c12da632145be1cf1b9645de34074?s=96&d=mm&r=g\",\"caption\":\"Administrador IEA\"}}]}<\/script>\n<!-- \/ Yoast SEO plugin. -->","yoast_head_json":{"title":"Segunda Conferencia en L\u00ednea SBA - \"Escatolog\u00eda\" Un estudio de Apocalipsis - Iglesia Evang\u00e9lica Aliancista (IEA)","robots":{"index":"index","follow":"follow","max-snippet":"max-snippet:-1","max-image-preview":"max-image-preview:large","max-video-preview":"max-video-preview:-1"},"canonical":"https:\/\/iea.cl\/iea\/segunda-conferencia-en-linea-sba-escatologia-un-estudio-de-apocalipsis\/","og_locale":"es_ES","og_type":"article","og_title":"Segunda Conferencia en L\u00ednea SBA - \"Escatolog\u00eda\" Un estudio de Apocalipsis - Iglesia Evang\u00e9lica Aliancista (IEA)","og_description":"ESCATOLOG\u00cdA: INTRODUCCI\u00d3N A APOCALIPSIS \u201cBienaventurado el que lee, y los que oyen las palabras de esta profec\u00eda, y guardan las [&hellip;]","og_url":"https:\/\/iea.cl\/iea\/segunda-conferencia-en-linea-sba-escatologia-un-estudio-de-apocalipsis\/","og_site_name":"Iglesia Evang\u00e9lica Aliancista (IEA)","article_publisher":"https:\/\/www.facebook.com\/iglesiasevangelicasaliancistas\/","article_published_time":"2020-10-19T13:46:24+00:00","article_modified_time":"2020-10-19T13:58:21+00:00","og_image":[{"width":1366,"height":767,"url":"https:\/\/iea.cl\/iea\/wp-content\/uploads\/2020\/10\/Conferencia.jpg","type":"image\/jpeg"}],"author":"Administrador IEA","twitter_card":"summary_large_image","twitter_misc":{"Escrito por":"Administrador IEA","Tiempo estimado de lectura":"1 minuto"},"schema":{"@context":"https:\/\/schema.org","@graph":[{"@type":"Article","@id":"https:\/\/iea.cl\/iea\/segunda-conferencia-en-linea-sba-escatologia-un-estudio-de-apocalipsis\/#article","isPartOf":{"@id":"https:\/\/iea.cl\/iea\/segunda-conferencia-en-linea-sba-escatologia-un-estudio-de-apocalipsis\/"},"author":{"name":"Administrador IEA","@id":"https:\/\/iea.cl\/iea\/#\/schema\/person\/a869a2aa9155c48929d81a6b94423e26"},"headline":"Segunda Conferencia en L\u00ednea SBA &#8211; &#8220;Escatolog\u00eda&#8221; Un estudio de Apocalipsis","datePublished":"2020-10-19T13:46:24+00:00","dateModified":"2020-10-19T13:58:21+00:00","mainEntityOfPage":{"@id":"https:\/\/iea.cl\/iea\/segunda-conferencia-en-linea-sba-escatologia-un-estudio-de-apocalipsis\/"},"wordCount":195,"publisher":{"@id":"https:\/\/iea.cl\/iea\/#organization"},"image":{"@id":"https:\/\/iea.cl\/iea\/segunda-conferencia-en-linea-sba-escatologia-un-estudio-de-apocalipsis\/#primaryimage"},"thumbnailUrl":"https:\/\/iea.cl\/iea\/wp-content\/uploads\/2020\/10\/Conferencia.jpg","keywords":["Conferencia","Noticias","Seminario"],"articleSection":["Conferencia","Noticias"],"inLanguage":"es-CL"},{"@type":"WebPage","@id":"https:\/\/iea.cl\/iea\/segunda-conferencia-en-linea-sba-escatologia-un-estudio-de-apocalipsis\/","url":"https:\/\/iea.cl\/iea\/segunda-conferencia-en-linea-sba-escatologia-un-estudio-de-apocalipsis\/","name":"Segunda Conferencia en L\u00ednea SBA - \"Escatolog\u00eda\" Un estudio de Apocalipsis - Iglesia Evang\u00e9lica Aliancista (IEA)","isPartOf":{"@id":"https:\/\/iea.cl\/iea\/#website"},"primaryImageOfPage":{"@id":"https:\/\/iea.cl\/iea\/segunda-conferencia-en-linea-sba-escatologia-un-estudio-de-apocalipsis\/#primaryimage"},"image":{"@id":"https:\/\/iea.cl\/iea\/segunda-conferencia-en-linea-sba-escatologia-un-estudio-de-apocalipsis\/#primaryimage"},"thumbnailUrl":"https:\/\/iea.cl\/iea\/wp-content\/uploads\/2020\/10\/Conferencia.jpg","datePublished":"2020-10-19T13:46:24+00:00","dateModified":"2020-10-19T13:58:21+00:00","breadcrumb":{"@id":"https:\/\/iea.cl\/iea\/segunda-conferencia-en-linea-sba-escatologia-un-estudio-de-apocalipsis\/#breadcrumb"},"inLanguage":"es-CL","potentialAction":[{"@type":"ReadAction","target":["https:\/\/iea.cl\/iea\/segunda-conferencia-en-linea-sba-escatologia-un-estudio-de-apocalipsis\/"]}]},{"@type":"ImageObject","inLanguage":"es-CL","@id":"https:\/\/iea.cl\/iea\/segunda-conferencia-en-linea-sba-escatologia-un-estudio-de-apocalipsis\/#primaryimage","url":"https:\/\/iea.cl\/iea\/wp-content\/uploads\/2020\/10\/Conferencia.jpg","contentUrl":"https:\/\/iea.cl\/iea\/wp-content\/uploads\/2020\/10\/Conferencia.jpg","width":1366,"height":767},{"@type":"BreadcrumbList","@id":"https:\/\/iea.cl\/iea\/segunda-conferencia-en-linea-sba-escatologia-un-estudio-de-apocalipsis\/#breadcrumb","itemListElement":[{"@type":"ListItem","position":1,"name":"Portada","item":"https:\/\/iea.cl\/iea\/"},{"@type":"ListItem","position":2,"name":"Segunda Conferencia en L\u00ednea SBA &#8211; &#8220;Escatolog\u00eda&#8221; Un estudio de Apocalipsis"}]},{"@type":"WebSite","@id":"https:\/\/iea.cl\/iea\/#website","url":"https:\/\/iea.cl\/iea\/","name":"Iglesia Evang\u00e9lica Aliancista (IEA)","description":"Creciendo , Predicando y Defendiendo La Palabra de Dios.","publisher":{"@id":"https:\/\/iea.cl\/iea\/#organization"},"alternateName":"iea.cl","potentialAction":[{"@type":"SearchAction","target":{"@type":"EntryPoint","urlTemplate":"https:\/\/iea.cl\/iea\/?s={search_term_string}"},"query-input":{"@type":"PropertyValueSpecification","valueRequired":true,"valueName":"search_term_string"}}],"inLanguage":"es-CL"},{"@type":"Organization","@id":"https:\/\/iea.cl\/iea\/#organization","name":"Iglesia Evangelica Aliancista","alternateName":"iea.cl","url":"https:\/\/iea.cl\/iea\/","logo":{"@type":"ImageObject","inLanguage":"es-CL","@id":"https:\/\/iea.cl\/iea\/#\/schema\/logo\/image\/","url":"https:\/\/iea.cl\/iea\/wp-content\/uploads\/2022\/01\/logo-iea-Ico.png","contentUrl":"https:\/\/iea.cl\/iea\/wp-content\/uploads\/2022\/01\/logo-iea-Ico.png","width":185,"height":231,"caption":"Iglesia Evangelica Aliancista"},"image":{"@id":"https:\/\/iea.cl\/iea\/#\/schema\/logo\/image\/"},"sameAs":["https:\/\/www.facebook.com\/iglesiasevangelicasaliancistas\/","https:\/\/www.youtube.com\/channel\/UCGYq0Rj6sj-VqrqweaW0HhA\/videos"]},{"@type":"Person","@id":"https:\/\/iea.cl\/iea\/#\/schema\/person\/a869a2aa9155c48929d81a6b94423e26","name":"Administrador IEA","image":{"@type":"ImageObject","inLanguage":"es-CL","@id":"https:\/\/secure.gravatar.com\/avatar\/e774178c1125fe439d527d59f09462fd9c1c12da632145be1cf1b9645de34074?s=96&d=mm&r=g","url":"https:\/\/secure.gravatar.com\/avatar\/e774178c1125fe439d527d59f09462fd9c1c12da632145be1cf1b9645de34074?s=96&d=mm&r=g","contentUrl":"https:\/\/secure.gravatar.com\/avatar\/e774178c1125fe439d527d59f09462fd9c1c12da632145be1cf1b9645de34074?s=96&d=mm&r=g","caption":"Administrador IEA"}}]}},"jetpack_sharing_enabled":true,"jetpack_featured_media_url":"https:\/\/iea.cl\/iea\/wp-content\/uploads\/2020\/10\/Conferencia.jpg","_links":{"self":[{"href":"https:\/\/iea.cl\/iea\/wp-json\/wp\/v2\/posts\/10511","targetHints":{"allow":["GET"]}}],"collection":[{"href":"https:\/\/iea.cl\/iea\/wp-json\/wp\/v2\/posts"}],"about":[{"href":"https:\/\/iea.cl\/iea\/wp-json\/wp\/v2\/types\/post"}],"author":[{"embeddable":true,"href":"https:\/\/iea.cl\/iea\/wp-json\/wp\/v2\/users\/1"}],"replies":[{"embeddable":true,"href":"https:\/\/iea.cl\/iea\/wp-json\/wp\/v2\/comments?post=10511"}],"version-history":[{"count":4,"href":"https:\/\/iea.cl\/iea\/wp-json\/wp\/v2\/posts\/10511\/revisions"}],"predecessor-version":[{"id":10518,"href":"https:\/\/iea.cl\/iea\/wp-json\/wp\/v2\/posts\/10511\/revisions\/10518"}],"wp:featuredmedia":[{"embeddable":true,"href":"https:\/\/iea.cl\/iea\/wp-json\/wp\/v2\/media\/10515"}],"wp:attachment":[{"href":"https:\/\/iea.cl\/iea\/wp-json\/wp\/v2\/media?parent=10511"}],"wp:term":[{"taxonomy":"category","embeddable":true,"href":"https:\/\/iea.cl\/iea\/wp-json\/wp\/v2\/categories?post=10511"},{"taxonomy":"post_tag","embeddable":true,"href":"https:\/\/iea.cl\/iea\/wp-json\/wp\/v2\/tags?post=10511"}],"curies":[{"name":"wp","href":"https:\/\/api.w.org\/{rel}","templated":true}]}}