{"id":10944,"date":"2022-06-29T18:00:12","date_gmt":"2022-06-29T22:00:12","guid":{"rendered":"https:\/\/www.iea.cl\/iea\/?p=10944"},"modified":"2022-06-29T18:00:12","modified_gmt":"2022-06-29T22:00:12","slug":"sba-tema-la-gloria-de-cristo-en-el-nuevo-testamento-y-su-iglesia","status":"publish","type":"post","link":"https:\/\/iea.cl\/iea\/sba-tema-la-gloria-de-cristo-en-el-nuevo-testamento-y-su-iglesia\/","title":{"rendered":"SBA &#8211; Tema: La Gloria de Cristo en el Nuevo Testamento y Su Iglesia"},"content":{"rendered":"<p><a href=\"https:\/\/iea.cl\/iea\/wp-content\/uploads\/2022\/06\/La-gloria-de-Cristo-en-el-nuevo-testamento-y-la-iglesia-.jpeg\"><img fetchpriority=\"high\" decoding=\"async\" class=\"wp-image-10945 size-full aligncenter\" src=\"https:\/\/iea.cl\/iea\/wp-content\/uploads\/2022\/06\/La-gloria-de-Cristo-en-el-nuevo-testamento-y-la-iglesia-.jpeg\" alt=\"\" width=\"930\" height=\"1280\" srcset=\"https:\/\/iea.cl\/iea\/wp-content\/uploads\/2022\/06\/La-gloria-de-Cristo-en-el-nuevo-testamento-y-la-iglesia-.jpeg 930w, https:\/\/iea.cl\/iea\/wp-content\/uploads\/2022\/06\/La-gloria-de-Cristo-en-el-nuevo-testamento-y-la-iglesia--218x300.jpeg 218w, https:\/\/iea.cl\/iea\/wp-content\/uploads\/2022\/06\/La-gloria-de-Cristo-en-el-nuevo-testamento-y-la-iglesia--768x1057.jpeg 768w, https:\/\/iea.cl\/iea\/wp-content\/uploads\/2022\/06\/La-gloria-de-Cristo-en-el-nuevo-testamento-y-la-iglesia--744x1024.jpeg 744w\" sizes=\"(max-width: 930px) 100vw, 930px\" \/><\/a><\/p>\n<p>Creemos de suma importancia, dar \u00e9nfasis a la ense\u00f1anza Cristol\u00f3gica en nuestra Iglesia. Cu\u00e1nto m\u00e1s conozcamos de Cristo, viviremos nuestras vidas conforme a Sus mandamientos. Sin duda alguna, una iglesia que conozca m\u00e1s a Su Se\u00f1or y que desee tener mayor comuni\u00f3n con \u00c9l, ser\u00e1 una iglesia sana y madura espiritualmente.<\/p>\n<p>&nbsp;<\/p>\n<p>El Seminario B\u00edblico Aliancista desarrolla el tema: \u201cCRISTO EL RESPLANDOR DE LA GLORIA DE DIOS\u201d, basado en Hebreos 1:1-3 que dice: \u201c<em>Dios, habiendo hablado muchas veces y en muchas maneras en otro tiempo a los padres por los profetas, en estos postreros d\u00edas nos ha hablado por el Hijo, al cual constituy\u00f3 heredero de todo, por el cual asimismo hizo todo el universo: El cual siendo el resplandor de su gloria, y la misma imagen de sus sustancia, y sustentando todas las cosas con la palabra de su potencia, habiendo hecho la purgaci\u00f3n de nuestros pecados por s\u00ed mismo, se sent\u00f3 a la diestra de la Majestad en las alturas\u201d<\/em><\/p>\n<p><em>\u00a0<\/em><\/p>\n<p>El a\u00f1o pasado vimos el tema \u201cLa Gloria de Cristo en el Antiguo Testamento\u201d y para este a\u00f1o desarrollaremos el tema \u201c<strong>La Gloria de Cristo en el Nuevo Testamento y Su Iglesia\u201d. <\/strong>Desde que irrumpe el Hijo Encarnado en la humanidad, Su ministerio, Su vida, Muerte y resurrecci\u00f3n, est\u00e1 llena de la Gloria de Dios. Con este tema se muestra la gloria de Dios en la vida humilde, sencilla y de servicio del Se\u00f1or. Continuando con la historia de la Iglesia en Hechos hasta nuestros d\u00edas. Cristo nos ha mostrado Su gloria al cumplir su promesa de que \u201clas puertas del infierno no prevalecer\u00edan contra la Iglesia\u201d.<\/p>\n<p>&nbsp;<\/p>\n<p>Les invitamos a participar de este tema, el cual se realizar\u00e1 el d\u00eda 09 de Julio de 2022 a partir de las 17:45 hrs.\u00a0 El c\u00f3digo de acceso est\u00e1 indicado en el afiche de presentaci\u00f3n. No requiere inscripci\u00f3n previa. Est\u00e1n todos cordialmente invitados.<\/p>\n<p>&nbsp;<\/p>\n<p>Cualquier consulta las puede dirigir a los siguientes hermanos:<\/p>\n<p>&nbsp;<\/p>\n<p>Zona Norte: Hno. Juan Pablo Antimil; celular. +56944731833<\/p>\n<p>Zona Centro: Pr. Mauricio Catal\u00e1n; celular +56999020657<\/p>\n<p>Zona Sur: Hno. Leonardo Oyarce; celular +56944519345<\/p>\n<p>&nbsp;<\/p>\n","protected":false},"excerpt":{"rendered":"<p>Creemos de suma importancia, dar \u00e9nfasis a la ense\u00f1anza Cristol\u00f3gica en nuestra Iglesia. Cu\u00e1nto m\u00e1s conozcamos de Cristo, viviremos nuestras [&hellip;]<\/p>\n","protected":false},"author":1,"featured_media":10945,"comment_status":"closed","ping_status":"closed","sticky":false,"template":"","format":"standard","meta":{"site-sidebar-layout":"default","site-content-layout":"","ast-site-content-layout":"default","site-content-style":"default","site-sidebar-style":"default","ast-global-header-display":"","ast-banner-title-visibility":"","ast-main-header-display":"","ast-hfb-above-header-display":"","ast-hfb-below-header-display":"","ast-hfb-mobile-header-display":"","site-post-title":"","ast-breadcrumbs-content":"","ast-featured-img":"","footer-sml-layout":"","ast-disable-related-posts":"","theme-transparent-header-meta":"","adv-header-id-meta":"","stick-header-meta":"","header-above-stick-meta":"","header-main-stick-meta":"","header-below-stick-meta":"","astra-migrate-meta-layouts":"default","ast-page-background-enabled":"default","ast-page-background-meta":{"desktop":{"background-color":"var(--ast-global-color-5)","background-image":"","background-repeat":"repeat","background-position":"center center","background-size":"auto","background-attachment":"scroll","background-type":"","background-media":"","overlay-type":"","overlay-color":"","overlay-opacity":"","overlay-gradient":""},"tablet":{"background-color":"","background-image":"","background-repeat":"repeat","background-position":"center center","background-size":"auto","background-attachment":"scroll","background-type":"","background-media":"","overlay-type":"","overlay-color":"","overlay-opacity":"","overlay-gradient":""},"mobile":{"background-color":"","background-image":"","background-repeat":"repeat","background-position":"center center","background-size":"auto","background-attachment":"scroll","background-type":"","background-media":"","overlay-type":"","overlay-color":"","overlay-opacity":"","overlay-gradient":""}},"ast-content-background-meta":{"desktop":{"background-color":"var(--ast-global-color-4)","background-image":"","background-repeat":"repeat","background-position":"center center","background-size":"auto","background-attachment":"scroll","background-type":"","background-media":"","overlay-type":"","overlay-color":"","overlay-opacity":"","overlay-gradient":""},"tablet":{"background-color":"var(--ast-global-color-4)","background-image":"","background-repeat":"repeat","background-position":"center center","background-size":"auto","background-attachment":"scroll","background-type":"","background-media":"","overlay-type":"","overlay-color":"","overlay-opacity":"","overlay-gradient":""},"mobile":{"background-color":"var(--ast-global-color-4)","background-image":"","background-repeat":"repeat","background-position":"center center","background-size":"auto","background-attachment":"scroll","background-type":"","background-media":"","overlay-type":"","overlay-color":"","overlay-opacity":"","overlay-gradient":""}},"_jetpack_newsletter_access":"","_jetpack_dont_email_post_to_subs":false,"_jetpack_newsletter_tier_id":0,"_jetpack_memberships_contains_paywalled_content":false,"_jetpack_feature_clip_id":0,"_jetpack_memberships_contains_paid_content":false,"footnotes":"","jetpack_post_was_ever_published":false},"categories":[89,8],"tags":[],"class_list":["post-10944","post","type-post","status-publish","format-standard","has-post-thumbnail","hentry","category-conferencia","category-noticias"],"yoast_head":"<!-- This site is optimized with the Yoast SEO plugin v28.4 - https:\/\/yoast.com\/product\/yoast-seo-wordpress\/ -->\n<title>SBA - Tema: La Gloria de Cristo en el Nuevo Testamento y Su Iglesia - Iglesia Evang\u00e9lica Aliancista (IEA)<\/title>\n<meta name=\"robots\" content=\"index, follow, max-snippet:-1, max-image-preview:large, max-video-preview:-1\" \/>\n<link rel=\"canonical\" href=\"https:\/\/iea.cl\/iea\/sba-tema-la-gloria-de-cristo-en-el-nuevo-testamento-y-su-iglesia\/\" \/>\n<meta property=\"og:locale\" content=\"es_ES\" \/>\n<meta property=\"og:type\" content=\"article\" \/>\n<meta property=\"og:title\" content=\"SBA - Tema: La Gloria de Cristo en el Nuevo Testamento y Su Iglesia - Iglesia Evang\u00e9lica Aliancista (IEA)\" \/>\n<meta property=\"og:description\" content=\"Creemos de suma importancia, dar \u00e9nfasis a la ense\u00f1anza Cristol\u00f3gica en nuestra Iglesia. Cu\u00e1nto m\u00e1s conozcamos de Cristo, viviremos nuestras [&hellip;]\" \/>\n<meta property=\"og:url\" content=\"https:\/\/iea.cl\/iea\/sba-tema-la-gloria-de-cristo-en-el-nuevo-testamento-y-su-iglesia\/\" \/>\n<meta property=\"og:site_name\" content=\"Iglesia Evang\u00e9lica Aliancista (IEA)\" \/>\n<meta property=\"article:publisher\" content=\"https:\/\/www.facebook.com\/iglesiasevangelicasaliancistas\/\" \/>\n<meta property=\"article:published_time\" content=\"2022-06-29T22:00:12+00:00\" \/>\n<meta property=\"og:image\" content=\"https:\/\/iea.cl\/iea\/wp-content\/uploads\/2022\/06\/La-gloria-de-Cristo-en-el-nuevo-testamento-y-la-iglesia-.jpeg\" \/>\n\t<meta property=\"og:image:width\" content=\"930\" \/>\n\t<meta property=\"og:image:height\" content=\"1280\" \/>\n\t<meta property=\"og:image:type\" content=\"image\/jpeg\" \/>\n<meta name=\"author\" content=\"Administrador IEA\" \/>\n<meta name=\"twitter:card\" content=\"summary_large_image\" \/>\n<meta name=\"twitter:label1\" content=\"Escrito por\" \/>\n\t<meta name=\"twitter:data1\" content=\"Administrador IEA\" \/>\n\t<meta name=\"twitter:label2\" content=\"Tiempo estimado de lectura\" \/>\n\t<meta name=\"twitter:data2\" content=\"2 minutos\" \/>\n<script type=\"application\/ld+json\" class=\"yoast-schema-graph\">{\"@context\":\"https:\\\/\\\/schema.org\",\"@graph\":[{\"@type\":\"Article\",\"@id\":\"https:\\\/\\\/iea.cl\\\/iea\\\/sba-tema-la-gloria-de-cristo-en-el-nuevo-testamento-y-su-iglesia\\\/#article\",\"isPartOf\":{\"@id\":\"https:\\\/\\\/iea.cl\\\/iea\\\/sba-tema-la-gloria-de-cristo-en-el-nuevo-testamento-y-su-iglesia\\\/\"},\"author\":{\"name\":\"Administrador IEA\",\"@id\":\"https:\\\/\\\/iea.cl\\\/iea\\\/#\\\/schema\\\/person\\\/a869a2aa9155c48929d81a6b94423e26\"},\"headline\":\"SBA &#8211; Tema: La Gloria de Cristo en el Nuevo Testamento y Su Iglesia\",\"datePublished\":\"2022-06-29T22:00:12+00:00\",\"mainEntityOfPage\":{\"@id\":\"https:\\\/\\\/iea.cl\\\/iea\\\/sba-tema-la-gloria-de-cristo-en-el-nuevo-testamento-y-su-iglesia\\\/\"},\"wordCount\":377,\"publisher\":{\"@id\":\"https:\\\/\\\/iea.cl\\\/iea\\\/#organization\"},\"image\":{\"@id\":\"https:\\\/\\\/iea.cl\\\/iea\\\/sba-tema-la-gloria-de-cristo-en-el-nuevo-testamento-y-su-iglesia\\\/#primaryimage\"},\"thumbnailUrl\":\"https:\\\/\\\/iea.cl\\\/iea\\\/wp-content\\\/uploads\\\/2022\\\/06\\\/La-gloria-de-Cristo-en-el-nuevo-testamento-y-la-iglesia-.jpeg\",\"articleSection\":[\"Conferencia\",\"Noticias\"],\"inLanguage\":\"es-CL\"},{\"@type\":\"WebPage\",\"@id\":\"https:\\\/\\\/iea.cl\\\/iea\\\/sba-tema-la-gloria-de-cristo-en-el-nuevo-testamento-y-su-iglesia\\\/\",\"url\":\"https:\\\/\\\/iea.cl\\\/iea\\\/sba-tema-la-gloria-de-cristo-en-el-nuevo-testamento-y-su-iglesia\\\/\",\"name\":\"SBA - Tema: La Gloria de Cristo en el Nuevo Testamento y Su Iglesia - Iglesia Evang\u00e9lica Aliancista (IEA)\",\"isPartOf\":{\"@id\":\"https:\\\/\\\/iea.cl\\\/iea\\\/#website\"},\"primaryImageOfPage\":{\"@id\":\"https:\\\/\\\/iea.cl\\\/iea\\\/sba-tema-la-gloria-de-cristo-en-el-nuevo-testamento-y-su-iglesia\\\/#primaryimage\"},\"image\":{\"@id\":\"https:\\\/\\\/iea.cl\\\/iea\\\/sba-tema-la-gloria-de-cristo-en-el-nuevo-testamento-y-su-iglesia\\\/#primaryimage\"},\"thumbnailUrl\":\"https:\\\/\\\/iea.cl\\\/iea\\\/wp-content\\\/uploads\\\/2022\\\/06\\\/La-gloria-de-Cristo-en-el-nuevo-testamento-y-la-iglesia-.jpeg\",\"datePublished\":\"2022-06-29T22:00:12+00:00\",\"breadcrumb\":{\"@id\":\"https:\\\/\\\/iea.cl\\\/iea\\\/sba-tema-la-gloria-de-cristo-en-el-nuevo-testamento-y-su-iglesia\\\/#breadcrumb\"},\"inLanguage\":\"es-CL\",\"potentialAction\":[{\"@type\":\"ReadAction\",\"target\":[\"https:\\\/\\\/iea.cl\\\/iea\\\/sba-tema-la-gloria-de-cristo-en-el-nuevo-testamento-y-su-iglesia\\\/\"]}]},{\"@type\":\"ImageObject\",\"inLanguage\":\"es-CL\",\"@id\":\"https:\\\/\\\/iea.cl\\\/iea\\\/sba-tema-la-gloria-de-cristo-en-el-nuevo-testamento-y-su-iglesia\\\/#primaryimage\",\"url\":\"https:\\\/\\\/iea.cl\\\/iea\\\/wp-content\\\/uploads\\\/2022\\\/06\\\/La-gloria-de-Cristo-en-el-nuevo-testamento-y-la-iglesia-.jpeg\",\"contentUrl\":\"https:\\\/\\\/iea.cl\\\/iea\\\/wp-content\\\/uploads\\\/2022\\\/06\\\/La-gloria-de-Cristo-en-el-nuevo-testamento-y-la-iglesia-.jpeg\",\"width\":930,\"height\":1280},{\"@type\":\"BreadcrumbList\",\"@id\":\"https:\\\/\\\/iea.cl\\\/iea\\\/sba-tema-la-gloria-de-cristo-en-el-nuevo-testamento-y-su-iglesia\\\/#breadcrumb\",\"itemListElement\":[{\"@type\":\"ListItem\",\"position\":1,\"name\":\"Portada\",\"item\":\"https:\\\/\\\/iea.cl\\\/iea\\\/\"},{\"@type\":\"ListItem\",\"position\":2,\"name\":\"SBA &#8211; Tema: La Gloria de Cristo en el Nuevo Testamento y Su Iglesia\"}]},{\"@type\":\"WebSite\",\"@id\":\"https:\\\/\\\/iea.cl\\\/iea\\\/#website\",\"url\":\"https:\\\/\\\/iea.cl\\\/iea\\\/\",\"name\":\"Iglesia Evang\u00e9lica Aliancista (IEA)\",\"description\":\"Creciendo , Predicando y Defendiendo La Palabra de Dios.\",\"publisher\":{\"@id\":\"https:\\\/\\\/iea.cl\\\/iea\\\/#organization\"},\"alternateName\":\"iea.cl\",\"potentialAction\":[{\"@type\":\"SearchAction\",\"target\":{\"@type\":\"EntryPoint\",\"urlTemplate\":\"https:\\\/\\\/iea.cl\\\/iea\\\/?s={search_term_string}\"},\"query-input\":{\"@type\":\"PropertyValueSpecification\",\"valueRequired\":true,\"valueName\":\"search_term_string\"}}],\"inLanguage\":\"es-CL\"},{\"@type\":\"Organization\",\"@id\":\"https:\\\/\\\/iea.cl\\\/iea\\\/#organization\",\"name\":\"Iglesia Evangelica Aliancista\",\"alternateName\":\"iea.cl\",\"url\":\"https:\\\/\\\/iea.cl\\\/iea\\\/\",\"logo\":{\"@type\":\"ImageObject\",\"inLanguage\":\"es-CL\",\"@id\":\"https:\\\/\\\/iea.cl\\\/iea\\\/#\\\/schema\\\/logo\\\/image\\\/\",\"url\":\"https:\\\/\\\/iea.cl\\\/iea\\\/wp-content\\\/uploads\\\/2022\\\/01\\\/logo-iea-Ico.png\",\"contentUrl\":\"https:\\\/\\\/iea.cl\\\/iea\\\/wp-content\\\/uploads\\\/2022\\\/01\\\/logo-iea-Ico.png\",\"width\":185,\"height\":231,\"caption\":\"Iglesia Evangelica Aliancista\"},\"image\":{\"@id\":\"https:\\\/\\\/iea.cl\\\/iea\\\/#\\\/schema\\\/logo\\\/image\\\/\"},\"sameAs\":[\"https:\\\/\\\/www.facebook.com\\\/iglesiasevangelicasaliancistas\\\/\",\"https:\\\/\\\/www.youtube.com\\\/channel\\\/UCGYq0Rj6sj-VqrqweaW0HhA\\\/videos\"]},{\"@type\":\"Person\",\"@id\":\"https:\\\/\\\/iea.cl\\\/iea\\\/#\\\/schema\\\/person\\\/a869a2aa9155c48929d81a6b94423e26\",\"name\":\"Administrador IEA\",\"image\":{\"@type\":\"ImageObject\",\"inLanguage\":\"es-CL\",\"@id\":\"https:\\\/\\\/secure.gravatar.com\\\/avatar\\\/e774178c1125fe439d527d59f09462fd9c1c12da632145be1cf1b9645de34074?s=96&d=mm&r=g\",\"url\":\"https:\\\/\\\/secure.gravatar.com\\\/avatar\\\/e774178c1125fe439d527d59f09462fd9c1c12da632145be1cf1b9645de34074?s=96&d=mm&r=g\",\"contentUrl\":\"https:\\\/\\\/secure.gravatar.com\\\/avatar\\\/e774178c1125fe439d527d59f09462fd9c1c12da632145be1cf1b9645de34074?s=96&d=mm&r=g\",\"caption\":\"Administrador IEA\"}}]}<\/script>\n<!-- \/ Yoast SEO plugin. -->","yoast_head_json":{"title":"SBA - Tema: La Gloria de Cristo en el Nuevo Testamento y Su Iglesia - Iglesia Evang\u00e9lica Aliancista (IEA)","robots":{"index":"index","follow":"follow","max-snippet":"max-snippet:-1","max-image-preview":"max-image-preview:large","max-video-preview":"max-video-preview:-1"},"canonical":"https:\/\/iea.cl\/iea\/sba-tema-la-gloria-de-cristo-en-el-nuevo-testamento-y-su-iglesia\/","og_locale":"es_ES","og_type":"article","og_title":"SBA - Tema: La Gloria de Cristo en el Nuevo Testamento y Su Iglesia - Iglesia Evang\u00e9lica Aliancista (IEA)","og_description":"Creemos de suma importancia, dar \u00e9nfasis a la ense\u00f1anza Cristol\u00f3gica en nuestra Iglesia. Cu\u00e1nto m\u00e1s conozcamos de Cristo, viviremos nuestras [&hellip;]","og_url":"https:\/\/iea.cl\/iea\/sba-tema-la-gloria-de-cristo-en-el-nuevo-testamento-y-su-iglesia\/","og_site_name":"Iglesia Evang\u00e9lica Aliancista (IEA)","article_publisher":"https:\/\/www.facebook.com\/iglesiasevangelicasaliancistas\/","article_published_time":"2022-06-29T22:00:12+00:00","og_image":[{"width":930,"height":1280,"url":"https:\/\/iea.cl\/iea\/wp-content\/uploads\/2022\/06\/La-gloria-de-Cristo-en-el-nuevo-testamento-y-la-iglesia-.jpeg","type":"image\/jpeg"}],"author":"Administrador IEA","twitter_card":"summary_large_image","twitter_misc":{"Escrito por":"Administrador IEA","Tiempo estimado de lectura":"2 minutos"},"schema":{"@context":"https:\/\/schema.org","@graph":[{"@type":"Article","@id":"https:\/\/iea.cl\/iea\/sba-tema-la-gloria-de-cristo-en-el-nuevo-testamento-y-su-iglesia\/#article","isPartOf":{"@id":"https:\/\/iea.cl\/iea\/sba-tema-la-gloria-de-cristo-en-el-nuevo-testamento-y-su-iglesia\/"},"author":{"name":"Administrador IEA","@id":"https:\/\/iea.cl\/iea\/#\/schema\/person\/a869a2aa9155c48929d81a6b94423e26"},"headline":"SBA &#8211; Tema: La Gloria de Cristo en el Nuevo Testamento y Su Iglesia","datePublished":"2022-06-29T22:00:12+00:00","mainEntityOfPage":{"@id":"https:\/\/iea.cl\/iea\/sba-tema-la-gloria-de-cristo-en-el-nuevo-testamento-y-su-iglesia\/"},"wordCount":377,"publisher":{"@id":"https:\/\/iea.cl\/iea\/#organization"},"image":{"@id":"https:\/\/iea.cl\/iea\/sba-tema-la-gloria-de-cristo-en-el-nuevo-testamento-y-su-iglesia\/#primaryimage"},"thumbnailUrl":"https:\/\/iea.cl\/iea\/wp-content\/uploads\/2022\/06\/La-gloria-de-Cristo-en-el-nuevo-testamento-y-la-iglesia-.jpeg","articleSection":["Conferencia","Noticias"],"inLanguage":"es-CL"},{"@type":"WebPage","@id":"https:\/\/iea.cl\/iea\/sba-tema-la-gloria-de-cristo-en-el-nuevo-testamento-y-su-iglesia\/","url":"https:\/\/iea.cl\/iea\/sba-tema-la-gloria-de-cristo-en-el-nuevo-testamento-y-su-iglesia\/","name":"SBA - Tema: La Gloria de Cristo en el Nuevo Testamento y Su Iglesia - Iglesia Evang\u00e9lica Aliancista (IEA)","isPartOf":{"@id":"https:\/\/iea.cl\/iea\/#website"},"primaryImageOfPage":{"@id":"https:\/\/iea.cl\/iea\/sba-tema-la-gloria-de-cristo-en-el-nuevo-testamento-y-su-iglesia\/#primaryimage"},"image":{"@id":"https:\/\/iea.cl\/iea\/sba-tema-la-gloria-de-cristo-en-el-nuevo-testamento-y-su-iglesia\/#primaryimage"},"thumbnailUrl":"https:\/\/iea.cl\/iea\/wp-content\/uploads\/2022\/06\/La-gloria-de-Cristo-en-el-nuevo-testamento-y-la-iglesia-.jpeg","datePublished":"2022-06-29T22:00:12+00:00","breadcrumb":{"@id":"https:\/\/iea.cl\/iea\/sba-tema-la-gloria-de-cristo-en-el-nuevo-testamento-y-su-iglesia\/#breadcrumb"},"inLanguage":"es-CL","potentialAction":[{"@type":"ReadAction","target":["https:\/\/iea.cl\/iea\/sba-tema-la-gloria-de-cristo-en-el-nuevo-testamento-y-su-iglesia\/"]}]},{"@type":"ImageObject","inLanguage":"es-CL","@id":"https:\/\/iea.cl\/iea\/sba-tema-la-gloria-de-cristo-en-el-nuevo-testamento-y-su-iglesia\/#primaryimage","url":"https:\/\/iea.cl\/iea\/wp-content\/uploads\/2022\/06\/La-gloria-de-Cristo-en-el-nuevo-testamento-y-la-iglesia-.jpeg","contentUrl":"https:\/\/iea.cl\/iea\/wp-content\/uploads\/2022\/06\/La-gloria-de-Cristo-en-el-nuevo-testamento-y-la-iglesia-.jpeg","width":930,"height":1280},{"@type":"BreadcrumbList","@id":"https:\/\/iea.cl\/iea\/sba-tema-la-gloria-de-cristo-en-el-nuevo-testamento-y-su-iglesia\/#breadcrumb","itemListElement":[{"@type":"ListItem","position":1,"name":"Portada","item":"https:\/\/iea.cl\/iea\/"},{"@type":"ListItem","position":2,"name":"SBA &#8211; Tema: La Gloria de Cristo en el Nuevo Testamento y Su Iglesia"}]},{"@type":"WebSite","@id":"https:\/\/iea.cl\/iea\/#website","url":"https:\/\/iea.cl\/iea\/","name":"Iglesia Evang\u00e9lica Aliancista (IEA)","description":"Creciendo , Predicando y Defendiendo La Palabra de Dios.","publisher":{"@id":"https:\/\/iea.cl\/iea\/#organization"},"alternateName":"iea.cl","potentialAction":[{"@type":"SearchAction","target":{"@type":"EntryPoint","urlTemplate":"https:\/\/iea.cl\/iea\/?s={search_term_string}"},"query-input":{"@type":"PropertyValueSpecification","valueRequired":true,"valueName":"search_term_string"}}],"inLanguage":"es-CL"},{"@type":"Organization","@id":"https:\/\/iea.cl\/iea\/#organization","name":"Iglesia Evangelica Aliancista","alternateName":"iea.cl","url":"https:\/\/iea.cl\/iea\/","logo":{"@type":"ImageObject","inLanguage":"es-CL","@id":"https:\/\/iea.cl\/iea\/#\/schema\/logo\/image\/","url":"https:\/\/iea.cl\/iea\/wp-content\/uploads\/2022\/01\/logo-iea-Ico.png","contentUrl":"https:\/\/iea.cl\/iea\/wp-content\/uploads\/2022\/01\/logo-iea-Ico.png","width":185,"height":231,"caption":"Iglesia Evangelica Aliancista"},"image":{"@id":"https:\/\/iea.cl\/iea\/#\/schema\/logo\/image\/"},"sameAs":["https:\/\/www.facebook.com\/iglesiasevangelicasaliancistas\/","https:\/\/www.youtube.com\/channel\/UCGYq0Rj6sj-VqrqweaW0HhA\/videos"]},{"@type":"Person","@id":"https:\/\/iea.cl\/iea\/#\/schema\/person\/a869a2aa9155c48929d81a6b94423e26","name":"Administrador IEA","image":{"@type":"ImageObject","inLanguage":"es-CL","@id":"https:\/\/secure.gravatar.com\/avatar\/e774178c1125fe439d527d59f09462fd9c1c12da632145be1cf1b9645de34074?s=96&d=mm&r=g","url":"https:\/\/secure.gravatar.com\/avatar\/e774178c1125fe439d527d59f09462fd9c1c12da632145be1cf1b9645de34074?s=96&d=mm&r=g","contentUrl":"https:\/\/secure.gravatar.com\/avatar\/e774178c1125fe439d527d59f09462fd9c1c12da632145be1cf1b9645de34074?s=96&d=mm&r=g","caption":"Administrador IEA"}}]}},"jetpack_sharing_enabled":true,"jetpack_featured_media_url":"https:\/\/iea.cl\/iea\/wp-content\/uploads\/2022\/06\/La-gloria-de-Cristo-en-el-nuevo-testamento-y-la-iglesia-.jpeg","_links":{"self":[{"href":"https:\/\/iea.cl\/iea\/wp-json\/wp\/v2\/posts\/10944","targetHints":{"allow":["GET"]}}],"collection":[{"href":"https:\/\/iea.cl\/iea\/wp-json\/wp\/v2\/posts"}],"about":[{"href":"https:\/\/iea.cl\/iea\/wp-json\/wp\/v2\/types\/post"}],"author":[{"embeddable":true,"href":"https:\/\/iea.cl\/iea\/wp-json\/wp\/v2\/users\/1"}],"replies":[{"embeddable":true,"href":"https:\/\/iea.cl\/iea\/wp-json\/wp\/v2\/comments?post=10944"}],"version-history":[{"count":1,"href":"https:\/\/iea.cl\/iea\/wp-json\/wp\/v2\/posts\/10944\/revisions"}],"predecessor-version":[{"id":10946,"href":"https:\/\/iea.cl\/iea\/wp-json\/wp\/v2\/posts\/10944\/revisions\/10946"}],"wp:featuredmedia":[{"embeddable":true,"href":"https:\/\/iea.cl\/iea\/wp-json\/wp\/v2\/media\/10945"}],"wp:attachment":[{"href":"https:\/\/iea.cl\/iea\/wp-json\/wp\/v2\/media?parent=10944"}],"wp:term":[{"taxonomy":"category","embeddable":true,"href":"https:\/\/iea.cl\/iea\/wp-json\/wp\/v2\/categories?post=10944"},{"taxonomy":"post_tag","embeddable":true,"href":"https:\/\/iea.cl\/iea\/wp-json\/wp\/v2\/tags?post=10944"}],"curies":[{"name":"wp","href":"https:\/\/api.w.org\/{rel}","templated":true}]}}