{"id":11641,"date":"2026-04-26T09:27:36","date_gmt":"2026-04-26T13:27:36","guid":{"rendered":"https:\/\/iea.cl\/iea\/la-ilusion-de-los-malos\/"},"modified":"2026-04-26T09:27:36","modified_gmt":"2026-04-26T13:27:36","slug":"la-ilusion-de-los-malos","status":"publish","type":"post","link":"https:\/\/iea.cl\/iea\/la-ilusion-de-los-malos\/","title":{"rendered":"LA ILUSI\u00d3N DE LOS MALOS"},"content":{"rendered":"<p>LA ILUSI\u00d3N DE LOS MALOS<\/p>\n<p>No as\u00ed los malos: Sino como el tamo que arrebata el viento. Salmo 1:4<\/p>\n<p>Todo lo que se ha dicho acerca de los justos, en los vers\u00edculos precedentes, no ser\u00e1 as\u00ed para los malos. El justo es bienaventurado, el justo es bendecido por la Palabra de Dios y disfruta de ella, el justo ocupa su mente en contemplar la hermosura de Dios, por medio de Su Palabra, el justo es como un \u00e1rbol fruct\u00edfero que es plantado junto a corrientes de aguas vivas, y el justo es prosperado en todo lo que hace. Esa prosperidad no tiene nada que ver, con riquezas, bienestar econ\u00f3mico o una vida sin sobresaltos ni sufrimientos; la prosperidad del justo est\u00e1 caracterizada por una vida llena de paz, porque est\u00e1 completamente abandonado en los brazos del Se\u00f1or.  <\/p>\n<p>\u201cNo as\u00ed los malos\u201d, este Salmo define a los malos como todo lo contrario al justo. El malo sigue el consejo de otros malos, el malo anda en camino de perversidades y pecados, el malo cultiva la amistad con blasfemos y con aquellos que se burlan de las cosas de Dios, el malo no se deleita en la Palabra de Dios, m\u00e1s bien, desprecia Las Escrituras y no le da ning\u00fan valor. El malo no tiene ning\u00fan buen fruto, su vida es pasajera, vac\u00eda y decadente. Aunque los malos pueden tener dinero, salud y trabajo, no son pr\u00f3speros ante Dios. M\u00e1s bien, todo lo que tienen es para su propia perdici\u00f3n, porque aman m\u00e1s esas cosas que a Dios.  <\/p>\n<p>\u201cSino como el tamo que arrebata el viento\u201d; el tamo es el envoltorio de las semillas, que al ser trilladas se desprenden y son como polvo o paja menuda que, para limpiar la semilla, es tirada al aire y el viento se lleva el tamo porque no sirve para nada. El tamo es desechado porque no tiene ning\u00fan valor, no es un alimento sustancioso, representa algo muerto llevado por el viento, que se pierde. Ese es el fin de los malos.  <\/p>\n<p>Es realmente aterrador el fin de los malos; sin embargo, hay una esperanza. La Biblia ense\u00f1a, que todos son pecadores, es decir, todos son malos a los ojos de Dios. Pero, Dios muestra su amor para con nosotros, en que siendo a\u00fan pecadores Cristo muri\u00f3 por nosotros (Romanos 5:8). \u201cEl destino del imp\u00edo est\u00e1 fijado, pero cada vez que el pecador se sensibiliza en cuanto a su culpa y miseria, puede ser admitido por Cristo, el camino vivo, en la compa\u00f1\u00eda de los justos y llegar a ser nueva criatura en Cristo. <\/p>\n<p>Ahora tiene nuevos deseos, nuevos placeres, esperanzas, temores, penas, compa\u00f1\u00edas y ocupaciones. Sus pensamientos, palabras y acciones son cambiados. Entra en un nuevo estado y tiene un car\u00e1cter nuevo\u201d (Mathew Henry). Te rogamos que dejes el camino de los malos y vengas a Cristo, te arrepientas de tus pecados y \u00c9l es fiel y justo para perdonarte; y har\u00e1 de ti una nueva criatura.<\/p>\n<p>\u00a1A Dios la Gloria!.<\/p>\n<p><span style=\"font-size:12px; color: gray;\">(Feed generated with <a href=\"https:\/\/fetchrss.com\/feedLink?w=688a896a0a9357946a041922\" target=\"_blank\">FetchRSS<\/a>)<\/span><\/p>\n","protected":false},"excerpt":{"rendered":"<p>LA ILUSI\u00d3N DE LOS MALOS<\/p>\n<p>No as\u00ed los malos: Sino como el tamo que arrebata el viento. Salmo 1:4<\/p>\n<p>Todo lo que se ha dicho acerca de los justos, en los vers\u00edculos precedentes, no ser\u00e1 as\u00ed para los malos. El justo es bienaventurado, el justo es bendecido por la Palabra de Dios y disfruta de ella, el justo ocupa su mente en contemplar la hermosura de Dios, por medio de Su Palabra, el justo es como un \u00e1rbol fruct\u00edfero que es plantado junto a corrientes de aguas vivas, y el justo es prosperado en todo lo que hace. Esa prosperidad no tiene nada que ver, con riquezas, bienestar econ\u00f3mico o una vida sin sobresaltos ni sufrimientos; la prosperidad del justo est\u00e1 caracterizada por una vida llena de paz, porque est\u00e1 completamente abandonado en los brazos del Se\u00f1or.  <\/p>\n<p>\u201cNo as\u00ed los malos\u201d, este Salmo define a los malos como todo lo contrario al justo. El malo sigue el consejo de otros malos, el malo anda en camino de perversidades y pecados, el malo cultiva la amistad con blasfemos y con aquellos que se burlan de las cosas de Dios, el malo no se deleita en la Palabra de Dios, m\u00e1s bien, desprecia Las Escrituras y no le da ning\u00fan valor. El malo no tiene ning\u00fan buen fruto, su vida es pasajera, vac\u00eda y decadente. Aunque los malos pueden tener dinero, salud y trabajo, no son pr\u00f3speros ante Dios. M\u00e1s bien, todo lo que tienen es para su propia perdici\u00f3n, porque aman m\u00e1s esas cosas que a Dios.  <\/p>\n<p>\u201cSino como el tamo que arrebata el viento\u201d; el tamo es el envoltorio de las semillas, que al ser trilladas se desprenden y son como polvo o paja menuda que, para limpiar la semilla, es tirada al aire y el viento se lleva el tamo porque no sirve para nada. El tamo es desechado porque no tiene ning\u00fan valor, no es un alimento sustancioso, representa algo muerto llevado por el viento, que se pierde. Ese es el fin de los malos.  <\/p>\n<p>Es realmente aterrador el fin de los malos; sin embargo, hay una esperanza. La Biblia ense\u00f1a, que todos son pecadores, es decir, todos son malos a los ojos de Dios. Pero, Dios muestra su amor para con nosotros, en que siendo a\u00fan pecadores Cristo muri\u00f3 por nosotros (Romanos 5:8). \u201cEl destino del imp\u00edo est\u00e1 fijado, pero cada vez que el pecador se sensibiliza en cuanto a su culpa y miseria, puede ser admitido por Cristo, el camino vivo, en la compa\u00f1\u00eda de los justos y llegar a ser nueva criatura en Cristo. <\/p>\n<p>Ahora tiene nuevos deseos, nuevos placeres, esperanzas, temores, penas, compa\u00f1\u00edas y ocupaciones. Sus pensamientos, palabras y acciones son cambiados. Entra en un nuevo estado y tiene un car\u00e1cter nuevo\u201d (Mathew Henry). Te rogamos que dejes el camino de los malos y vengas a Cristo, te arrepientas de tus pecados y \u00c9l es fiel y justo para perdonarte; y har\u00e1 de ti una nueva criatura.<\/p>\n<p>\u00a1A Dios la Gloria!.<\/p>\n<p><span style=\"font-size:12px; color: gray;\">(Feed generated with <a href=\"https:\/\/fetchrss.com\/feedLink?w=688a896a0a9357946a041922\" target=\"_blank\">FetchRSS<\/a>)<\/span><\/p>\n","protected":false},"author":2,"featured_media":0,"comment_status":"closed","ping_status":"closed","sticky":false,"template":"","format":"standard","meta":{"site-sidebar-layout":"default","site-content-layout":"","ast-site-content-layout":"default","site-content-style":"default","site-sidebar-style":"default","ast-global-header-display":"","ast-banner-title-visibility":"","ast-main-header-display":"","ast-hfb-above-header-display":"","ast-hfb-below-header-display":"","ast-hfb-mobile-header-display":"","site-post-title":"","ast-breadcrumbs-content":"","ast-featured-img":"","footer-sml-layout":"","theme-transparent-header-meta":"","adv-header-id-meta":"","stick-header-meta":"","header-above-stick-meta":"","header-main-stick-meta":"","header-below-stick-meta":"","astra-migrate-meta-layouts":"default","ast-page-background-enabled":"default","ast-page-background-meta":{"desktop":{"background-color":"var(--ast-global-color-5)","background-image":"","background-repeat":"repeat","background-position":"center center","background-size":"auto","background-attachment":"scroll","background-type":"","background-media":"","overlay-type":"","overlay-color":"","overlay-opacity":"","overlay-gradient":""},"tablet":{"background-color":"","background-image":"","background-repeat":"repeat","background-position":"center center","background-size":"auto","background-attachment":"scroll","background-type":"","background-media":"","overlay-type":"","overlay-color":"","overlay-opacity":"","overlay-gradient":""},"mobile":{"background-color":"","background-image":"","background-repeat":"repeat","background-position":"center center","background-size":"auto","background-attachment":"scroll","background-type":"","background-media":"","overlay-type":"","overlay-color":"","overlay-opacity":"","overlay-gradient":""}},"ast-content-background-meta":{"desktop":{"background-color":"var(--ast-global-color-4)","background-image":"","background-repeat":"repeat","background-position":"center center","background-size":"auto","background-attachment":"scroll","background-type":"","background-media":"","overlay-type":"","overlay-color":"","overlay-opacity":"","overlay-gradient":""},"tablet":{"background-color":"var(--ast-global-color-4)","background-image":"","background-repeat":"repeat","background-position":"center center","background-size":"auto","background-attachment":"scroll","background-type":"","background-media":"","overlay-type":"","overlay-color":"","overlay-opacity":"","overlay-gradient":""},"mobile":{"background-color":"var(--ast-global-color-4)","background-image":"","background-repeat":"repeat","background-position":"center center","background-size":"auto","background-attachment":"scroll","background-type":"","background-media":"","overlay-type":"","overlay-color":"","overlay-opacity":"","overlay-gradient":""}},"footnotes":""},"categories":[108],"tags":[71,76,81],"class_list":["post-11641","post","type-post","status-publish","format-standard","hentry","category-devocional","tag-noticias","tag-recursos","tag-seminario"],"yoast_head":"<!-- This site is optimized with the Yoast SEO plugin v27.4 - https:\/\/yoast.com\/product\/yoast-seo-wordpress\/ -->\n<title>LA ILUSI\u00d3N DE LOS MALOS -<\/title>\n<meta name=\"robots\" content=\"index, follow, max-snippet:-1, max-image-preview:large, max-video-preview:-1\" \/>\n<link rel=\"canonical\" href=\"https:\/\/iea.cl\/iea\/la-ilusion-de-los-malos\/\" \/>\n<meta property=\"og:locale\" content=\"es_ES\" \/>\n<meta property=\"og:type\" content=\"article\" \/>\n<meta property=\"og:title\" content=\"LA ILUSI\u00d3N DE LOS MALOS -\" \/>\n<meta property=\"og:description\" content=\"LA ILUSI\u00d3N DE LOS MALOS No as\u00ed los malos: Sino como el tamo que arrebata el viento. Salmo 1:4 Todo lo que se ha dicho acerca de los justos, en los vers\u00edculos precedentes, no ser\u00e1 as\u00ed para los malos. El justo es bienaventurado, el justo es bendecido por la Palabra de Dios y disfruta de ella, el justo ocupa su mente en contemplar la hermosura de Dios, por medio de Su Palabra, el justo es como un \u00e1rbol fruct\u00edfero que es plantado junto a corrientes de aguas vivas, y el justo es prosperado en todo lo que hace. Esa prosperidad no tiene nada que ver, con riquezas, bienestar econ\u00f3mico o una vida sin sobresaltos ni sufrimientos; la prosperidad del justo est\u00e1 caracterizada por una vida llena de paz, porque est\u00e1 completamente abandonado en los brazos del Se\u00f1or.  \u201cNo as\u00ed los malos\u201d, este Salmo define a los malos como todo lo contrario al justo. El malo sigue el consejo de otros malos, el malo anda en camino de perversidades y pecados, el malo cultiva la amistad con blasfemos y con aquellos que se burlan de las cosas de Dios, el malo no se deleita en la Palabra de Dios, m\u00e1s bien, desprecia Las Escrituras y no le da ning\u00fan valor. El malo no tiene ning\u00fan buen fruto, su vida es pasajera, vac\u00eda y decadente. Aunque los malos pueden tener dinero, salud y trabajo, no son pr\u00f3speros ante Dios. M\u00e1s bien, todo lo que tienen es para su propia perdici\u00f3n, porque aman m\u00e1s esas cosas que a Dios.  \u201cSino como el tamo que arrebata el viento\u201d; el tamo es el envoltorio de las semillas, que al ser trilladas se desprenden y son como polvo o paja menuda que, para limpiar la semilla, es tirada al aire y el viento se lleva el tamo porque no sirve para nada. El tamo es desechado porque no tiene ning\u00fan valor, no es un alimento sustancioso, representa algo muerto llevado por el viento, que se pierde. Ese es el fin de los malos.  Es realmente aterrador el fin de los malos; sin embargo, hay una esperanza. La Biblia ense\u00f1a, que todos son pecadores, es decir, todos son malos a los ojos de Dios. Pero, Dios muestra su amor para con nosotros, en que siendo a\u00fan pecadores Cristo muri\u00f3 por nosotros (Romanos 5:8). \u201cEl destino del imp\u00edo est\u00e1 fijado, pero cada vez que el pecador se sensibiliza en cuanto a su culpa y miseria, puede ser admitido por Cristo, el camino vivo, en la compa\u00f1\u00eda de los justos y llegar a ser nueva criatura en Cristo.  Ahora tiene nuevos deseos, nuevos placeres, esperanzas, temores, penas, compa\u00f1\u00edas y ocupaciones. Sus pensamientos, palabras y acciones son cambiados. Entra en un nuevo estado y tiene un car\u00e1cter nuevo\u201d (Mathew Henry). Te rogamos que dejes el camino de los malos y vengas a Cristo, te arrepientas de tus pecados y \u00c9l es fiel y justo para perdonarte; y har\u00e1 de ti una nueva criatura. \u00a1A Dios la Gloria!.(Feed generated with FetchRSS)\" \/>\n<meta property=\"og:url\" content=\"https:\/\/iea.cl\/iea\/la-ilusion-de-los-malos\/\" \/>\n<meta property=\"article:publisher\" content=\"https:\/\/www.facebook.com\/iglesiasevangelicasaliancistas\/\" \/>\n<meta property=\"article:published_time\" content=\"2026-04-26T13:27:36+00:00\" \/>\n<meta property=\"og:image\" content=\"https:\/\/iea.cl\/iea\/wp-content\/uploads\/2022\/01\/Copia-de-logo-iea.png\" \/>\n\t<meta property=\"og:image:width\" content=\"552\" \/>\n\t<meta property=\"og:image:height\" content=\"302\" \/>\n\t<meta property=\"og:image:type\" content=\"image\/png\" \/>\n<meta name=\"author\" content=\"Iglesia Evang\u00e9lica Aliancista\" \/>\n<meta name=\"twitter:card\" content=\"summary_large_image\" \/>\n<meta name=\"twitter:label1\" content=\"Escrito por\" \/>\n\t<meta name=\"twitter:data1\" content=\"Iglesia Evang\u00e9lica Aliancista\" \/>\n\t<meta name=\"twitter:label2\" content=\"Tiempo estimado de lectura\" \/>\n\t<meta name=\"twitter:data2\" content=\"3 minutos\" \/>\n<script type=\"application\/ld+json\" class=\"yoast-schema-graph\">{\"@context\":\"https:\\\/\\\/schema.org\",\"@graph\":[{\"@type\":\"Article\",\"@id\":\"https:\\\/\\\/iea.cl\\\/iea\\\/la-ilusion-de-los-malos\\\/#article\",\"isPartOf\":{\"@id\":\"https:\\\/\\\/iea.cl\\\/iea\\\/la-ilusion-de-los-malos\\\/\"},\"author\":{\"name\":\"Iglesia Evang\u00e9lica Aliancista\",\"@id\":\"https:\\\/\\\/iea.cl\\\/iea\\\/#\\\/schema\\\/person\\\/374aa923b605eb9a77db61476d943df1\"},\"headline\":\"LA ILUSI\u00d3N DE LOS MALOS\",\"datePublished\":\"2026-04-26T13:27:36+00:00\",\"mainEntityOfPage\":{\"@id\":\"https:\\\/\\\/iea.cl\\\/iea\\\/la-ilusion-de-los-malos\\\/\"},\"wordCount\":525,\"publisher\":{\"@id\":\"https:\\\/\\\/iea.cl\\\/iea\\\/#organization\"},\"keywords\":[\"Noticias\",\"Recursos\",\"Seminario\"],\"articleSection\":[\"Devocional\"],\"inLanguage\":\"es-CL\"},{\"@type\":\"WebPage\",\"@id\":\"https:\\\/\\\/iea.cl\\\/iea\\\/la-ilusion-de-los-malos\\\/\",\"url\":\"https:\\\/\\\/iea.cl\\\/iea\\\/la-ilusion-de-los-malos\\\/\",\"name\":\"LA ILUSI\u00d3N DE LOS MALOS -\",\"isPartOf\":{\"@id\":\"https:\\\/\\\/iea.cl\\\/iea\\\/#website\"},\"datePublished\":\"2026-04-26T13:27:36+00:00\",\"breadcrumb\":{\"@id\":\"https:\\\/\\\/iea.cl\\\/iea\\\/la-ilusion-de-los-malos\\\/#breadcrumb\"},\"inLanguage\":\"es-CL\",\"potentialAction\":[{\"@type\":\"ReadAction\",\"target\":[\"https:\\\/\\\/iea.cl\\\/iea\\\/la-ilusion-de-los-malos\\\/\"]}]},{\"@type\":\"BreadcrumbList\",\"@id\":\"https:\\\/\\\/iea.cl\\\/iea\\\/la-ilusion-de-los-malos\\\/#breadcrumb\",\"itemListElement\":[{\"@type\":\"ListItem\",\"position\":1,\"name\":\"Portada\",\"item\":\"https:\\\/\\\/iea.cl\\\/iea\\\/\"},{\"@type\":\"ListItem\",\"position\":2,\"name\":\"LA ILUSI\u00d3N DE LOS MALOS\"}]},{\"@type\":\"WebSite\",\"@id\":\"https:\\\/\\\/iea.cl\\\/iea\\\/#website\",\"url\":\"https:\\\/\\\/iea.cl\\\/iea\\\/\",\"name\":\"\",\"description\":\"Creciendo , Predicando y Defendiendo La Palabra de Dios.\",\"publisher\":{\"@id\":\"https:\\\/\\\/iea.cl\\\/iea\\\/#organization\"},\"alternateName\":\"iea.cl\",\"potentialAction\":[{\"@type\":\"SearchAction\",\"target\":{\"@type\":\"EntryPoint\",\"urlTemplate\":\"https:\\\/\\\/iea.cl\\\/iea\\\/?s={search_term_string}\"},\"query-input\":{\"@type\":\"PropertyValueSpecification\",\"valueRequired\":true,\"valueName\":\"search_term_string\"}}],\"inLanguage\":\"es-CL\"},{\"@type\":\"Organization\",\"@id\":\"https:\\\/\\\/iea.cl\\\/iea\\\/#organization\",\"name\":\"Iglesia Evangelica Aliancista\",\"alternateName\":\"iea.cl\",\"url\":\"https:\\\/\\\/iea.cl\\\/iea\\\/\",\"logo\":{\"@type\":\"ImageObject\",\"inLanguage\":\"es-CL\",\"@id\":\"https:\\\/\\\/iea.cl\\\/iea\\\/#\\\/schema\\\/logo\\\/image\\\/\",\"url\":\"https:\\\/\\\/iea.cl\\\/iea\\\/wp-content\\\/uploads\\\/2022\\\/01\\\/logo-iea-Ico.png\",\"contentUrl\":\"https:\\\/\\\/iea.cl\\\/iea\\\/wp-content\\\/uploads\\\/2022\\\/01\\\/logo-iea-Ico.png\",\"width\":185,\"height\":231,\"caption\":\"Iglesia Evangelica Aliancista\"},\"image\":{\"@id\":\"https:\\\/\\\/iea.cl\\\/iea\\\/#\\\/schema\\\/logo\\\/image\\\/\"},\"sameAs\":[\"https:\\\/\\\/www.facebook.com\\\/iglesiasevangelicasaliancistas\\\/\",\"https:\\\/\\\/www.youtube.com\\\/channel\\\/UCGYq0Rj6sj-VqrqweaW0HhA\\\/videos\"]},{\"@type\":\"Person\",\"@id\":\"https:\\\/\\\/iea.cl\\\/iea\\\/#\\\/schema\\\/person\\\/374aa923b605eb9a77db61476d943df1\",\"name\":\"Iglesia Evang\u00e9lica Aliancista\",\"image\":{\"@type\":\"ImageObject\",\"inLanguage\":\"es-CL\",\"@id\":\"https:\\\/\\\/secure.gravatar.com\\\/avatar\\\/de65ead6f2368db09d6f8c6f092fcdfbf585deefe229147791dfa8253bffef33?s=96&d=mm&r=g\",\"url\":\"https:\\\/\\\/secure.gravatar.com\\\/avatar\\\/de65ead6f2368db09d6f8c6f092fcdfbf585deefe229147791dfa8253bffef33?s=96&d=mm&r=g\",\"contentUrl\":\"https:\\\/\\\/secure.gravatar.com\\\/avatar\\\/de65ead6f2368db09d6f8c6f092fcdfbf585deefe229147791dfa8253bffef33?s=96&d=mm&r=g\",\"caption\":\"Iglesia Evang\u00e9lica Aliancista\"},\"sameAs\":[\"http:\\\/\\\/iea.cl\"]}]}<\/script>\n<!-- \/ Yoast SEO plugin. -->","yoast_head_json":{"title":"LA ILUSI\u00d3N DE LOS MALOS -","robots":{"index":"index","follow":"follow","max-snippet":"max-snippet:-1","max-image-preview":"max-image-preview:large","max-video-preview":"max-video-preview:-1"},"canonical":"https:\/\/iea.cl\/iea\/la-ilusion-de-los-malos\/","og_locale":"es_ES","og_type":"article","og_title":"LA ILUSI\u00d3N DE LOS MALOS -","og_description":"LA ILUSI\u00d3N DE LOS MALOS No as\u00ed los malos: Sino como el tamo que arrebata el viento. Salmo 1:4 Todo lo que se ha dicho acerca de los justos, en los vers\u00edculos precedentes, no ser\u00e1 as\u00ed para los malos. El justo es bienaventurado, el justo es bendecido por la Palabra de Dios y disfruta de ella, el justo ocupa su mente en contemplar la hermosura de Dios, por medio de Su Palabra, el justo es como un \u00e1rbol fruct\u00edfero que es plantado junto a corrientes de aguas vivas, y el justo es prosperado en todo lo que hace. Esa prosperidad no tiene nada que ver, con riquezas, bienestar econ\u00f3mico o una vida sin sobresaltos ni sufrimientos; la prosperidad del justo est\u00e1 caracterizada por una vida llena de paz, porque est\u00e1 completamente abandonado en los brazos del Se\u00f1or.  \u201cNo as\u00ed los malos\u201d, este Salmo define a los malos como todo lo contrario al justo. El malo sigue el consejo de otros malos, el malo anda en camino de perversidades y pecados, el malo cultiva la amistad con blasfemos y con aquellos que se burlan de las cosas de Dios, el malo no se deleita en la Palabra de Dios, m\u00e1s bien, desprecia Las Escrituras y no le da ning\u00fan valor. El malo no tiene ning\u00fan buen fruto, su vida es pasajera, vac\u00eda y decadente. Aunque los malos pueden tener dinero, salud y trabajo, no son pr\u00f3speros ante Dios. M\u00e1s bien, todo lo que tienen es para su propia perdici\u00f3n, porque aman m\u00e1s esas cosas que a Dios.  \u201cSino como el tamo que arrebata el viento\u201d; el tamo es el envoltorio de las semillas, que al ser trilladas se desprenden y son como polvo o paja menuda que, para limpiar la semilla, es tirada al aire y el viento se lleva el tamo porque no sirve para nada. El tamo es desechado porque no tiene ning\u00fan valor, no es un alimento sustancioso, representa algo muerto llevado por el viento, que se pierde. Ese es el fin de los malos.  Es realmente aterrador el fin de los malos; sin embargo, hay una esperanza. La Biblia ense\u00f1a, que todos son pecadores, es decir, todos son malos a los ojos de Dios. Pero, Dios muestra su amor para con nosotros, en que siendo a\u00fan pecadores Cristo muri\u00f3 por nosotros (Romanos 5:8). \u201cEl destino del imp\u00edo est\u00e1 fijado, pero cada vez que el pecador se sensibiliza en cuanto a su culpa y miseria, puede ser admitido por Cristo, el camino vivo, en la compa\u00f1\u00eda de los justos y llegar a ser nueva criatura en Cristo.  Ahora tiene nuevos deseos, nuevos placeres, esperanzas, temores, penas, compa\u00f1\u00edas y ocupaciones. Sus pensamientos, palabras y acciones son cambiados. Entra en un nuevo estado y tiene un car\u00e1cter nuevo\u201d (Mathew Henry). Te rogamos que dejes el camino de los malos y vengas a Cristo, te arrepientas de tus pecados y \u00c9l es fiel y justo para perdonarte; y har\u00e1 de ti una nueva criatura. \u00a1A Dios la Gloria!.(Feed generated with FetchRSS)","og_url":"https:\/\/iea.cl\/iea\/la-ilusion-de-los-malos\/","article_publisher":"https:\/\/www.facebook.com\/iglesiasevangelicasaliancistas\/","article_published_time":"2026-04-26T13:27:36+00:00","og_image":[{"width":552,"height":302,"url":"https:\/\/iea.cl\/iea\/wp-content\/uploads\/2022\/01\/Copia-de-logo-iea.png","type":"image\/png"}],"author":"Iglesia Evang\u00e9lica Aliancista","twitter_card":"summary_large_image","twitter_misc":{"Escrito por":"Iglesia Evang\u00e9lica Aliancista","Tiempo estimado de lectura":"3 minutos"},"schema":{"@context":"https:\/\/schema.org","@graph":[{"@type":"Article","@id":"https:\/\/iea.cl\/iea\/la-ilusion-de-los-malos\/#article","isPartOf":{"@id":"https:\/\/iea.cl\/iea\/la-ilusion-de-los-malos\/"},"author":{"name":"Iglesia Evang\u00e9lica Aliancista","@id":"https:\/\/iea.cl\/iea\/#\/schema\/person\/374aa923b605eb9a77db61476d943df1"},"headline":"LA ILUSI\u00d3N DE LOS MALOS","datePublished":"2026-04-26T13:27:36+00:00","mainEntityOfPage":{"@id":"https:\/\/iea.cl\/iea\/la-ilusion-de-los-malos\/"},"wordCount":525,"publisher":{"@id":"https:\/\/iea.cl\/iea\/#organization"},"keywords":["Noticias","Recursos","Seminario"],"articleSection":["Devocional"],"inLanguage":"es-CL"},{"@type":"WebPage","@id":"https:\/\/iea.cl\/iea\/la-ilusion-de-los-malos\/","url":"https:\/\/iea.cl\/iea\/la-ilusion-de-los-malos\/","name":"LA ILUSI\u00d3N DE LOS MALOS -","isPartOf":{"@id":"https:\/\/iea.cl\/iea\/#website"},"datePublished":"2026-04-26T13:27:36+00:00","breadcrumb":{"@id":"https:\/\/iea.cl\/iea\/la-ilusion-de-los-malos\/#breadcrumb"},"inLanguage":"es-CL","potentialAction":[{"@type":"ReadAction","target":["https:\/\/iea.cl\/iea\/la-ilusion-de-los-malos\/"]}]},{"@type":"BreadcrumbList","@id":"https:\/\/iea.cl\/iea\/la-ilusion-de-los-malos\/#breadcrumb","itemListElement":[{"@type":"ListItem","position":1,"name":"Portada","item":"https:\/\/iea.cl\/iea\/"},{"@type":"ListItem","position":2,"name":"LA ILUSI\u00d3N DE LOS MALOS"}]},{"@type":"WebSite","@id":"https:\/\/iea.cl\/iea\/#website","url":"https:\/\/iea.cl\/iea\/","name":"","description":"Creciendo , Predicando y Defendiendo La Palabra de Dios.","publisher":{"@id":"https:\/\/iea.cl\/iea\/#organization"},"alternateName":"iea.cl","potentialAction":[{"@type":"SearchAction","target":{"@type":"EntryPoint","urlTemplate":"https:\/\/iea.cl\/iea\/?s={search_term_string}"},"query-input":{"@type":"PropertyValueSpecification","valueRequired":true,"valueName":"search_term_string"}}],"inLanguage":"es-CL"},{"@type":"Organization","@id":"https:\/\/iea.cl\/iea\/#organization","name":"Iglesia Evangelica Aliancista","alternateName":"iea.cl","url":"https:\/\/iea.cl\/iea\/","logo":{"@type":"ImageObject","inLanguage":"es-CL","@id":"https:\/\/iea.cl\/iea\/#\/schema\/logo\/image\/","url":"https:\/\/iea.cl\/iea\/wp-content\/uploads\/2022\/01\/logo-iea-Ico.png","contentUrl":"https:\/\/iea.cl\/iea\/wp-content\/uploads\/2022\/01\/logo-iea-Ico.png","width":185,"height":231,"caption":"Iglesia Evangelica Aliancista"},"image":{"@id":"https:\/\/iea.cl\/iea\/#\/schema\/logo\/image\/"},"sameAs":["https:\/\/www.facebook.com\/iglesiasevangelicasaliancistas\/","https:\/\/www.youtube.com\/channel\/UCGYq0Rj6sj-VqrqweaW0HhA\/videos"]},{"@type":"Person","@id":"https:\/\/iea.cl\/iea\/#\/schema\/person\/374aa923b605eb9a77db61476d943df1","name":"Iglesia Evang\u00e9lica Aliancista","image":{"@type":"ImageObject","inLanguage":"es-CL","@id":"https:\/\/secure.gravatar.com\/avatar\/de65ead6f2368db09d6f8c6f092fcdfbf585deefe229147791dfa8253bffef33?s=96&d=mm&r=g","url":"https:\/\/secure.gravatar.com\/avatar\/de65ead6f2368db09d6f8c6f092fcdfbf585deefe229147791dfa8253bffef33?s=96&d=mm&r=g","contentUrl":"https:\/\/secure.gravatar.com\/avatar\/de65ead6f2368db09d6f8c6f092fcdfbf585deefe229147791dfa8253bffef33?s=96&d=mm&r=g","caption":"Iglesia Evang\u00e9lica Aliancista"},"sameAs":["http:\/\/iea.cl"]}]}},"_links":{"self":[{"href":"https:\/\/iea.cl\/iea\/wp-json\/wp\/v2\/posts\/11641","targetHints":{"allow":["GET"]}}],"collection":[{"href":"https:\/\/iea.cl\/iea\/wp-json\/wp\/v2\/posts"}],"about":[{"href":"https:\/\/iea.cl\/iea\/wp-json\/wp\/v2\/types\/post"}],"author":[{"embeddable":true,"href":"https:\/\/iea.cl\/iea\/wp-json\/wp\/v2\/users\/2"}],"replies":[{"embeddable":true,"href":"https:\/\/iea.cl\/iea\/wp-json\/wp\/v2\/comments?post=11641"}],"version-history":[{"count":0,"href":"https:\/\/iea.cl\/iea\/wp-json\/wp\/v2\/posts\/11641\/revisions"}],"wp:attachment":[{"href":"https:\/\/iea.cl\/iea\/wp-json\/wp\/v2\/media?parent=11641"}],"wp:term":[{"taxonomy":"category","embeddable":true,"href":"https:\/\/iea.cl\/iea\/wp-json\/wp\/v2\/categories?post=11641"},{"taxonomy":"post_tag","embeddable":true,"href":"https:\/\/iea.cl\/iea\/wp-json\/wp\/v2\/tags?post=11641"}],"curies":[{"name":"wp","href":"https:\/\/api.w.org\/{rel}","templated":true}]}}