{"id":8268,"date":"2018-03-18T08:56:30","date_gmt":"2018-03-18T12:56:30","guid":{"rendered":"http:\/\/www.iea.cl\/iea\/?p=8268"},"modified":"2018-05-05T09:04:32","modified_gmt":"2018-05-05T13:04:32","slug":"52-junta-anual-de-eclesiasticos-de-la-iea","status":"publish","type":"post","link":"https:\/\/iea.cl\/iea\/52-junta-anual-de-eclesiasticos-de-la-iea\/","title":{"rendered":"52 junta anual de eclesi\u00e1sticos de la IEA"},"content":{"rendered":"<p>52 junta anual de eclesi\u00e1sticos de la IEA. Celebrada en la iglesia en San Antonio, comuna de Calbuco,\u00a0 regi\u00f3n de Los Lagos, los d\u00edas 16 al 18 de marzo de 2018.\u200b<\/p>\n<p>&nbsp;<\/p>\n<div id='gallery-1' class='gallery galleryid-8268 gallery-columns-3 gallery-size-thumbnail'><figure class='gallery-item'>\n\t\t\t<div class='gallery-icon landscape'>\n\t\t\t\t<a href='https:\/\/iea.cl\/iea\/wp-content\/uploads\/2018\/05\/20180317_143736.jpg'><img decoding=\"async\" width=\"150\" height=\"150\" src=\"https:\/\/iea.cl\/iea\/wp-content\/uploads\/2018\/05\/20180317_143736-150x150.jpg\" class=\"attachment-thumbnail size-thumbnail\" alt=\"\" \/><\/a>\n\t\t\t<\/div><\/figure><figure class='gallery-item'>\n\t\t\t<div class='gallery-icon landscape'>\n\t\t\t\t<a href='https:\/\/iea.cl\/iea\/wp-content\/uploads\/2018\/05\/20180317_162109.jpg'><img decoding=\"async\" width=\"150\" height=\"150\" src=\"https:\/\/iea.cl\/iea\/wp-content\/uploads\/2018\/05\/20180317_162109-150x150.jpg\" class=\"attachment-thumbnail size-thumbnail\" alt=\"\" \/><\/a>\n\t\t\t<\/div><\/figure><figure class='gallery-item'>\n\t\t\t<div class='gallery-icon landscape'>\n\t\t\t\t<a href='https:\/\/iea.cl\/iea\/wp-content\/uploads\/2018\/05\/20180317_172739.jpg'><img decoding=\"async\" width=\"150\" height=\"150\" src=\"https:\/\/iea.cl\/iea\/wp-content\/uploads\/2018\/05\/20180317_172739-150x150.jpg\" class=\"attachment-thumbnail size-thumbnail\" alt=\"\" \/><\/a>\n\t\t\t<\/div><\/figure><figure class='gallery-item'>\n\t\t\t<div class='gallery-icon landscape'>\n\t\t\t\t<a href='https:\/\/iea.cl\/iea\/wp-content\/uploads\/2018\/05\/20180317_193509.jpg'><img loading=\"lazy\" decoding=\"async\" width=\"150\" height=\"150\" src=\"https:\/\/iea.cl\/iea\/wp-content\/uploads\/2018\/05\/20180317_193509-150x150.jpg\" class=\"attachment-thumbnail size-thumbnail\" alt=\"\" \/><\/a>\n\t\t\t<\/div><\/figure><figure class='gallery-item'>\n\t\t\t<div class='gallery-icon landscape'>\n\t\t\t\t<a href='https:\/\/iea.cl\/iea\/wp-content\/uploads\/2018\/05\/20180317_211726.jpg'><img loading=\"lazy\" decoding=\"async\" width=\"150\" height=\"150\" src=\"https:\/\/iea.cl\/iea\/wp-content\/uploads\/2018\/05\/20180317_211726-150x150.jpg\" class=\"attachment-thumbnail size-thumbnail\" alt=\"\" \/><\/a>\n\t\t\t<\/div><\/figure><figure class='gallery-item'>\n\t\t\t<div class='gallery-icon landscape'>\n\t\t\t\t<a href='https:\/\/iea.cl\/iea\/wp-content\/uploads\/2018\/05\/20180317_211731.jpg'><img loading=\"lazy\" decoding=\"async\" width=\"150\" height=\"150\" src=\"https:\/\/iea.cl\/iea\/wp-content\/uploads\/2018\/05\/20180317_211731-150x150.jpg\" class=\"attachment-thumbnail size-thumbnail\" alt=\"\" \/><\/a>\n\t\t\t<\/div><\/figure><figure class='gallery-item'>\n\t\t\t<div class='gallery-icon landscape'>\n\t\t\t\t<a href='https:\/\/iea.cl\/iea\/wp-content\/uploads\/2018\/05\/20180317_211742.jpg'><img loading=\"lazy\" decoding=\"async\" width=\"150\" height=\"150\" src=\"https:\/\/iea.cl\/iea\/wp-content\/uploads\/2018\/05\/20180317_211742-150x150.jpg\" class=\"attachment-thumbnail size-thumbnail\" alt=\"\" \/><\/a>\n\t\t\t<\/div><\/figure><figure class='gallery-item'>\n\t\t\t<div class='gallery-icon landscape'>\n\t\t\t\t<a href='https:\/\/iea.cl\/iea\/wp-content\/uploads\/2018\/05\/20180318_135321.jpg'><img loading=\"lazy\" decoding=\"async\" width=\"150\" height=\"150\" src=\"https:\/\/iea.cl\/iea\/wp-content\/uploads\/2018\/05\/20180318_135321-150x150.jpg\" class=\"attachment-thumbnail size-thumbnail\" alt=\"\" \/><\/a>\n\t\t\t<\/div><\/figure><figure class='gallery-item'>\n\t\t\t<div class='gallery-icon landscape'>\n\t\t\t\t<a href='https:\/\/iea.cl\/iea\/wp-content\/uploads\/2018\/05\/20180318_135417.jpg'><img loading=\"lazy\" decoding=\"async\" width=\"150\" height=\"150\" src=\"https:\/\/iea.cl\/iea\/wp-content\/uploads\/2018\/05\/20180318_135417-150x150.jpg\" class=\"attachment-thumbnail size-thumbnail\" alt=\"\" \/><\/a>\n\t\t\t<\/div><\/figure>\n\t\t<\/div>\n\n","protected":false},"excerpt":{"rendered":"<p>52 junta anual de eclesi\u00e1sticos de la IEA. Celebrada en la iglesia en San Antonio, comuna de Calbuco,\u00a0 regi\u00f3n de [&hellip;]<\/p>\n","protected":false},"author":1,"featured_media":8276,"comment_status":"closed","ping_status":"closed","sticky":false,"template":"","format":"standard","meta":{"site-sidebar-layout":"default","site-content-layout":"","ast-site-content-layout":"default","site-content-style":"default","site-sidebar-style":"default","ast-global-header-display":"","ast-banner-title-visibility":"","ast-main-header-display":"","ast-hfb-above-header-display":"","ast-hfb-below-header-display":"","ast-hfb-mobile-header-display":"","site-post-title":"","ast-breadcrumbs-content":"","ast-featured-img":"","footer-sml-layout":"","ast-disable-related-posts":"","theme-transparent-header-meta":"","adv-header-id-meta":"","stick-header-meta":"","header-above-stick-meta":"","header-main-stick-meta":"","header-below-stick-meta":"","astra-migrate-meta-layouts":"default","ast-page-background-enabled":"default","ast-page-background-meta":{"desktop":{"background-color":"var(--ast-global-color-5)","background-image":"","background-repeat":"repeat","background-position":"center center","background-size":"auto","background-attachment":"scroll","background-type":"","background-media":"","overlay-type":"","overlay-color":"","overlay-opacity":"","overlay-gradient":""},"tablet":{"background-color":"","background-image":"","background-repeat":"repeat","background-position":"center center","background-size":"auto","background-attachment":"scroll","background-type":"","background-media":"","overlay-type":"","overlay-color":"","overlay-opacity":"","overlay-gradient":""},"mobile":{"background-color":"","background-image":"","background-repeat":"repeat","background-position":"center center","background-size":"auto","background-attachment":"scroll","background-type":"","background-media":"","overlay-type":"","overlay-color":"","overlay-opacity":"","overlay-gradient":""}},"ast-content-background-meta":{"desktop":{"background-color":"var(--ast-global-color-4)","background-image":"","background-repeat":"repeat","background-position":"center center","background-size":"auto","background-attachment":"scroll","background-type":"","background-media":"","overlay-type":"","overlay-color":"","overlay-opacity":"","overlay-gradient":""},"tablet":{"background-color":"var(--ast-global-color-4)","background-image":"","background-repeat":"repeat","background-position":"center center","background-size":"auto","background-attachment":"scroll","background-type":"","background-media":"","overlay-type":"","overlay-color":"","overlay-opacity":"","overlay-gradient":""},"mobile":{"background-color":"var(--ast-global-color-4)","background-image":"","background-repeat":"repeat","background-position":"center center","background-size":"auto","background-attachment":"scroll","background-type":"","background-media":"","overlay-type":"","overlay-color":"","overlay-opacity":"","overlay-gradient":""}},"_jetpack_newsletter_access":"","_jetpack_dont_email_post_to_subs":false,"_jetpack_newsletter_tier_id":0,"_jetpack_memberships_contains_paywalled_content":false,"_jetpack_feature_clip_id":0,"_jetpack_memberships_contains_paid_content":false,"footnotes":"","jetpack_post_was_ever_published":false},"categories":[8],"tags":[72,71],"class_list":["post-8268","post","type-post","status-publish","format-standard","has-post-thumbnail","hentry","category-noticias","tag-eclesiasticos","tag-noticias"],"yoast_head":"<!-- This site is optimized with the Yoast SEO plugin v28.4 - https:\/\/yoast.com\/product\/yoast-seo-wordpress\/ -->\n<title>52 junta anual de eclesi\u00e1sticos de la IEA - Iglesia Evang\u00e9lica Aliancista (IEA)<\/title>\n<meta name=\"robots\" content=\"index, follow, max-snippet:-1, max-image-preview:large, max-video-preview:-1\" \/>\n<link rel=\"canonical\" href=\"https:\/\/iea.cl\/iea\/52-junta-anual-de-eclesiasticos-de-la-iea\/\" \/>\n<meta property=\"og:locale\" content=\"es_ES\" \/>\n<meta property=\"og:type\" content=\"article\" \/>\n<meta property=\"og:title\" content=\"52 junta anual de eclesi\u00e1sticos de la IEA - Iglesia Evang\u00e9lica Aliancista (IEA)\" \/>\n<meta property=\"og:description\" content=\"52 junta anual de eclesi\u00e1sticos de la IEA. Celebrada en la iglesia en San Antonio, comuna de Calbuco,\u00a0 regi\u00f3n de [&hellip;]\" \/>\n<meta property=\"og:url\" content=\"https:\/\/iea.cl\/iea\/52-junta-anual-de-eclesiasticos-de-la-iea\/\" \/>\n<meta property=\"og:site_name\" content=\"Iglesia Evang\u00e9lica Aliancista (IEA)\" \/>\n<meta property=\"article:publisher\" content=\"https:\/\/www.facebook.com\/iglesiasevangelicasaliancistas\/\" \/>\n<meta property=\"article:published_time\" content=\"2018-03-18T12:56:30+00:00\" \/>\n<meta property=\"article:modified_time\" content=\"2018-05-05T13:04:32+00:00\" \/>\n<meta property=\"og:image\" content=\"https:\/\/iea.cl\/iea\/wp-content\/uploads\/2018\/05\/20180318_135321.jpg\" \/>\n\t<meta property=\"og:image:width\" content=\"2048\" \/>\n\t<meta property=\"og:image:height\" content=\"1152\" \/>\n\t<meta property=\"og:image:type\" content=\"image\/jpeg\" \/>\n<meta name=\"author\" content=\"Administrador IEA\" \/>\n<meta name=\"twitter:card\" content=\"summary_large_image\" \/>\n<meta name=\"twitter:label1\" content=\"Escrito por\" \/>\n\t<meta name=\"twitter:data1\" content=\"Administrador IEA\" \/>\n<script type=\"application\/ld+json\" class=\"yoast-schema-graph\">{\"@context\":\"https:\\\/\\\/schema.org\",\"@graph\":[{\"@type\":\"Article\",\"@id\":\"https:\\\/\\\/iea.cl\\\/iea\\\/52-junta-anual-de-eclesiasticos-de-la-iea\\\/#article\",\"isPartOf\":{\"@id\":\"https:\\\/\\\/iea.cl\\\/iea\\\/52-junta-anual-de-eclesiasticos-de-la-iea\\\/\"},\"author\":{\"name\":\"Administrador IEA\",\"@id\":\"https:\\\/\\\/iea.cl\\\/iea\\\/#\\\/schema\\\/person\\\/a869a2aa9155c48929d81a6b94423e26\"},\"headline\":\"52 junta anual de eclesi\u00e1sticos de la IEA\",\"datePublished\":\"2018-03-18T12:56:30+00:00\",\"dateModified\":\"2018-05-05T13:04:32+00:00\",\"mainEntityOfPage\":{\"@id\":\"https:\\\/\\\/iea.cl\\\/iea\\\/52-junta-anual-de-eclesiasticos-de-la-iea\\\/\"},\"wordCount\":43,\"publisher\":{\"@id\":\"https:\\\/\\\/iea.cl\\\/iea\\\/#organization\"},\"image\":{\"@id\":\"https:\\\/\\\/iea.cl\\\/iea\\\/52-junta-anual-de-eclesiasticos-de-la-iea\\\/#primaryimage\"},\"thumbnailUrl\":\"https:\\\/\\\/iea.cl\\\/iea\\\/wp-content\\\/uploads\\\/2018\\\/05\\\/20180318_135321.jpg\",\"keywords\":[\"eclesi\u00e1sticos\",\"Noticias\"],\"articleSection\":[\"Noticias\"],\"inLanguage\":\"es-CL\"},{\"@type\":\"WebPage\",\"@id\":\"https:\\\/\\\/iea.cl\\\/iea\\\/52-junta-anual-de-eclesiasticos-de-la-iea\\\/\",\"url\":\"https:\\\/\\\/iea.cl\\\/iea\\\/52-junta-anual-de-eclesiasticos-de-la-iea\\\/\",\"name\":\"52 junta anual de eclesi\u00e1sticos de la IEA - Iglesia Evang\u00e9lica Aliancista (IEA)\",\"isPartOf\":{\"@id\":\"https:\\\/\\\/iea.cl\\\/iea\\\/#website\"},\"primaryImageOfPage\":{\"@id\":\"https:\\\/\\\/iea.cl\\\/iea\\\/52-junta-anual-de-eclesiasticos-de-la-iea\\\/#primaryimage\"},\"image\":{\"@id\":\"https:\\\/\\\/iea.cl\\\/iea\\\/52-junta-anual-de-eclesiasticos-de-la-iea\\\/#primaryimage\"},\"thumbnailUrl\":\"https:\\\/\\\/iea.cl\\\/iea\\\/wp-content\\\/uploads\\\/2018\\\/05\\\/20180318_135321.jpg\",\"datePublished\":\"2018-03-18T12:56:30+00:00\",\"dateModified\":\"2018-05-05T13:04:32+00:00\",\"breadcrumb\":{\"@id\":\"https:\\\/\\\/iea.cl\\\/iea\\\/52-junta-anual-de-eclesiasticos-de-la-iea\\\/#breadcrumb\"},\"inLanguage\":\"es-CL\",\"potentialAction\":[{\"@type\":\"ReadAction\",\"target\":[\"https:\\\/\\\/iea.cl\\\/iea\\\/52-junta-anual-de-eclesiasticos-de-la-iea\\\/\"]}]},{\"@type\":\"ImageObject\",\"inLanguage\":\"es-CL\",\"@id\":\"https:\\\/\\\/iea.cl\\\/iea\\\/52-junta-anual-de-eclesiasticos-de-la-iea\\\/#primaryimage\",\"url\":\"https:\\\/\\\/iea.cl\\\/iea\\\/wp-content\\\/uploads\\\/2018\\\/05\\\/20180318_135321.jpg\",\"contentUrl\":\"https:\\\/\\\/iea.cl\\\/iea\\\/wp-content\\\/uploads\\\/2018\\\/05\\\/20180318_135321.jpg\",\"width\":2048,\"height\":1152},{\"@type\":\"BreadcrumbList\",\"@id\":\"https:\\\/\\\/iea.cl\\\/iea\\\/52-junta-anual-de-eclesiasticos-de-la-iea\\\/#breadcrumb\",\"itemListElement\":[{\"@type\":\"ListItem\",\"position\":1,\"name\":\"Portada\",\"item\":\"https:\\\/\\\/iea.cl\\\/iea\\\/\"},{\"@type\":\"ListItem\",\"position\":2,\"name\":\"52 junta anual de eclesi\u00e1sticos de la IEA\"}]},{\"@type\":\"WebSite\",\"@id\":\"https:\\\/\\\/iea.cl\\\/iea\\\/#website\",\"url\":\"https:\\\/\\\/iea.cl\\\/iea\\\/\",\"name\":\"Iglesia Evang\u00e9lica Aliancista (IEA)\",\"description\":\"Creciendo , Predicando y Defendiendo La Palabra de Dios.\",\"publisher\":{\"@id\":\"https:\\\/\\\/iea.cl\\\/iea\\\/#organization\"},\"alternateName\":\"iea.cl\",\"potentialAction\":[{\"@type\":\"SearchAction\",\"target\":{\"@type\":\"EntryPoint\",\"urlTemplate\":\"https:\\\/\\\/iea.cl\\\/iea\\\/?s={search_term_string}\"},\"query-input\":{\"@type\":\"PropertyValueSpecification\",\"valueRequired\":true,\"valueName\":\"search_term_string\"}}],\"inLanguage\":\"es-CL\"},{\"@type\":\"Organization\",\"@id\":\"https:\\\/\\\/iea.cl\\\/iea\\\/#organization\",\"name\":\"Iglesia Evangelica Aliancista\",\"alternateName\":\"iea.cl\",\"url\":\"https:\\\/\\\/iea.cl\\\/iea\\\/\",\"logo\":{\"@type\":\"ImageObject\",\"inLanguage\":\"es-CL\",\"@id\":\"https:\\\/\\\/iea.cl\\\/iea\\\/#\\\/schema\\\/logo\\\/image\\\/\",\"url\":\"https:\\\/\\\/iea.cl\\\/iea\\\/wp-content\\\/uploads\\\/2022\\\/01\\\/logo-iea-Ico.png\",\"contentUrl\":\"https:\\\/\\\/iea.cl\\\/iea\\\/wp-content\\\/uploads\\\/2022\\\/01\\\/logo-iea-Ico.png\",\"width\":185,\"height\":231,\"caption\":\"Iglesia Evangelica Aliancista\"},\"image\":{\"@id\":\"https:\\\/\\\/iea.cl\\\/iea\\\/#\\\/schema\\\/logo\\\/image\\\/\"},\"sameAs\":[\"https:\\\/\\\/www.facebook.com\\\/iglesiasevangelicasaliancistas\\\/\",\"https:\\\/\\\/www.youtube.com\\\/channel\\\/UCGYq0Rj6sj-VqrqweaW0HhA\\\/videos\"]},{\"@type\":\"Person\",\"@id\":\"https:\\\/\\\/iea.cl\\\/iea\\\/#\\\/schema\\\/person\\\/a869a2aa9155c48929d81a6b94423e26\",\"name\":\"Administrador IEA\",\"image\":{\"@type\":\"ImageObject\",\"inLanguage\":\"es-CL\",\"@id\":\"https:\\\/\\\/secure.gravatar.com\\\/avatar\\\/e774178c1125fe439d527d59f09462fd9c1c12da632145be1cf1b9645de34074?s=96&d=mm&r=g\",\"url\":\"https:\\\/\\\/secure.gravatar.com\\\/avatar\\\/e774178c1125fe439d527d59f09462fd9c1c12da632145be1cf1b9645de34074?s=96&d=mm&r=g\",\"contentUrl\":\"https:\\\/\\\/secure.gravatar.com\\\/avatar\\\/e774178c1125fe439d527d59f09462fd9c1c12da632145be1cf1b9645de34074?s=96&d=mm&r=g\",\"caption\":\"Administrador IEA\"}}]}<\/script>\n<!-- \/ Yoast SEO plugin. -->","yoast_head_json":{"title":"52 junta anual de eclesi\u00e1sticos de la IEA - Iglesia Evang\u00e9lica Aliancista (IEA)","robots":{"index":"index","follow":"follow","max-snippet":"max-snippet:-1","max-image-preview":"max-image-preview:large","max-video-preview":"max-video-preview:-1"},"canonical":"https:\/\/iea.cl\/iea\/52-junta-anual-de-eclesiasticos-de-la-iea\/","og_locale":"es_ES","og_type":"article","og_title":"52 junta anual de eclesi\u00e1sticos de la IEA - Iglesia Evang\u00e9lica Aliancista (IEA)","og_description":"52 junta anual de eclesi\u00e1sticos de la IEA. Celebrada en la iglesia en San Antonio, comuna de Calbuco,\u00a0 regi\u00f3n de [&hellip;]","og_url":"https:\/\/iea.cl\/iea\/52-junta-anual-de-eclesiasticos-de-la-iea\/","og_site_name":"Iglesia Evang\u00e9lica Aliancista (IEA)","article_publisher":"https:\/\/www.facebook.com\/iglesiasevangelicasaliancistas\/","article_published_time":"2018-03-18T12:56:30+00:00","article_modified_time":"2018-05-05T13:04:32+00:00","og_image":[{"width":2048,"height":1152,"url":"https:\/\/iea.cl\/iea\/wp-content\/uploads\/2018\/05\/20180318_135321.jpg","type":"image\/jpeg"}],"author":"Administrador IEA","twitter_card":"summary_large_image","twitter_misc":{"Escrito por":"Administrador IEA"},"schema":{"@context":"https:\/\/schema.org","@graph":[{"@type":"Article","@id":"https:\/\/iea.cl\/iea\/52-junta-anual-de-eclesiasticos-de-la-iea\/#article","isPartOf":{"@id":"https:\/\/iea.cl\/iea\/52-junta-anual-de-eclesiasticos-de-la-iea\/"},"author":{"name":"Administrador IEA","@id":"https:\/\/iea.cl\/iea\/#\/schema\/person\/a869a2aa9155c48929d81a6b94423e26"},"headline":"52 junta anual de eclesi\u00e1sticos de la IEA","datePublished":"2018-03-18T12:56:30+00:00","dateModified":"2018-05-05T13:04:32+00:00","mainEntityOfPage":{"@id":"https:\/\/iea.cl\/iea\/52-junta-anual-de-eclesiasticos-de-la-iea\/"},"wordCount":43,"publisher":{"@id":"https:\/\/iea.cl\/iea\/#organization"},"image":{"@id":"https:\/\/iea.cl\/iea\/52-junta-anual-de-eclesiasticos-de-la-iea\/#primaryimage"},"thumbnailUrl":"https:\/\/iea.cl\/iea\/wp-content\/uploads\/2018\/05\/20180318_135321.jpg","keywords":["eclesi\u00e1sticos","Noticias"],"articleSection":["Noticias"],"inLanguage":"es-CL"},{"@type":"WebPage","@id":"https:\/\/iea.cl\/iea\/52-junta-anual-de-eclesiasticos-de-la-iea\/","url":"https:\/\/iea.cl\/iea\/52-junta-anual-de-eclesiasticos-de-la-iea\/","name":"52 junta anual de eclesi\u00e1sticos de la IEA - Iglesia Evang\u00e9lica Aliancista (IEA)","isPartOf":{"@id":"https:\/\/iea.cl\/iea\/#website"},"primaryImageOfPage":{"@id":"https:\/\/iea.cl\/iea\/52-junta-anual-de-eclesiasticos-de-la-iea\/#primaryimage"},"image":{"@id":"https:\/\/iea.cl\/iea\/52-junta-anual-de-eclesiasticos-de-la-iea\/#primaryimage"},"thumbnailUrl":"https:\/\/iea.cl\/iea\/wp-content\/uploads\/2018\/05\/20180318_135321.jpg","datePublished":"2018-03-18T12:56:30+00:00","dateModified":"2018-05-05T13:04:32+00:00","breadcrumb":{"@id":"https:\/\/iea.cl\/iea\/52-junta-anual-de-eclesiasticos-de-la-iea\/#breadcrumb"},"inLanguage":"es-CL","potentialAction":[{"@type":"ReadAction","target":["https:\/\/iea.cl\/iea\/52-junta-anual-de-eclesiasticos-de-la-iea\/"]}]},{"@type":"ImageObject","inLanguage":"es-CL","@id":"https:\/\/iea.cl\/iea\/52-junta-anual-de-eclesiasticos-de-la-iea\/#primaryimage","url":"https:\/\/iea.cl\/iea\/wp-content\/uploads\/2018\/05\/20180318_135321.jpg","contentUrl":"https:\/\/iea.cl\/iea\/wp-content\/uploads\/2018\/05\/20180318_135321.jpg","width":2048,"height":1152},{"@type":"BreadcrumbList","@id":"https:\/\/iea.cl\/iea\/52-junta-anual-de-eclesiasticos-de-la-iea\/#breadcrumb","itemListElement":[{"@type":"ListItem","position":1,"name":"Portada","item":"https:\/\/iea.cl\/iea\/"},{"@type":"ListItem","position":2,"name":"52 junta anual de eclesi\u00e1sticos de la IEA"}]},{"@type":"WebSite","@id":"https:\/\/iea.cl\/iea\/#website","url":"https:\/\/iea.cl\/iea\/","name":"Iglesia Evang\u00e9lica Aliancista (IEA)","description":"Creciendo , Predicando y Defendiendo La Palabra de Dios.","publisher":{"@id":"https:\/\/iea.cl\/iea\/#organization"},"alternateName":"iea.cl","potentialAction":[{"@type":"SearchAction","target":{"@type":"EntryPoint","urlTemplate":"https:\/\/iea.cl\/iea\/?s={search_term_string}"},"query-input":{"@type":"PropertyValueSpecification","valueRequired":true,"valueName":"search_term_string"}}],"inLanguage":"es-CL"},{"@type":"Organization","@id":"https:\/\/iea.cl\/iea\/#organization","name":"Iglesia Evangelica Aliancista","alternateName":"iea.cl","url":"https:\/\/iea.cl\/iea\/","logo":{"@type":"ImageObject","inLanguage":"es-CL","@id":"https:\/\/iea.cl\/iea\/#\/schema\/logo\/image\/","url":"https:\/\/iea.cl\/iea\/wp-content\/uploads\/2022\/01\/logo-iea-Ico.png","contentUrl":"https:\/\/iea.cl\/iea\/wp-content\/uploads\/2022\/01\/logo-iea-Ico.png","width":185,"height":231,"caption":"Iglesia Evangelica Aliancista"},"image":{"@id":"https:\/\/iea.cl\/iea\/#\/schema\/logo\/image\/"},"sameAs":["https:\/\/www.facebook.com\/iglesiasevangelicasaliancistas\/","https:\/\/www.youtube.com\/channel\/UCGYq0Rj6sj-VqrqweaW0HhA\/videos"]},{"@type":"Person","@id":"https:\/\/iea.cl\/iea\/#\/schema\/person\/a869a2aa9155c48929d81a6b94423e26","name":"Administrador IEA","image":{"@type":"ImageObject","inLanguage":"es-CL","@id":"https:\/\/secure.gravatar.com\/avatar\/e774178c1125fe439d527d59f09462fd9c1c12da632145be1cf1b9645de34074?s=96&d=mm&r=g","url":"https:\/\/secure.gravatar.com\/avatar\/e774178c1125fe439d527d59f09462fd9c1c12da632145be1cf1b9645de34074?s=96&d=mm&r=g","contentUrl":"https:\/\/secure.gravatar.com\/avatar\/e774178c1125fe439d527d59f09462fd9c1c12da632145be1cf1b9645de34074?s=96&d=mm&r=g","caption":"Administrador IEA"}}]}},"jetpack_sharing_enabled":true,"jetpack_featured_media_url":"https:\/\/iea.cl\/iea\/wp-content\/uploads\/2018\/05\/20180318_135321.jpg","_links":{"self":[{"href":"https:\/\/iea.cl\/iea\/wp-json\/wp\/v2\/posts\/8268","targetHints":{"allow":["GET"]}}],"collection":[{"href":"https:\/\/iea.cl\/iea\/wp-json\/wp\/v2\/posts"}],"about":[{"href":"https:\/\/iea.cl\/iea\/wp-json\/wp\/v2\/types\/post"}],"author":[{"embeddable":true,"href":"https:\/\/iea.cl\/iea\/wp-json\/wp\/v2\/users\/1"}],"replies":[{"embeddable":true,"href":"https:\/\/iea.cl\/iea\/wp-json\/wp\/v2\/comments?post=8268"}],"version-history":[{"count":1,"href":"https:\/\/iea.cl\/iea\/wp-json\/wp\/v2\/posts\/8268\/revisions"}],"predecessor-version":[{"id":8279,"href":"https:\/\/iea.cl\/iea\/wp-json\/wp\/v2\/posts\/8268\/revisions\/8279"}],"wp:featuredmedia":[{"embeddable":true,"href":"https:\/\/iea.cl\/iea\/wp-json\/wp\/v2\/media\/8276"}],"wp:attachment":[{"href":"https:\/\/iea.cl\/iea\/wp-json\/wp\/v2\/media?parent=8268"}],"wp:term":[{"taxonomy":"category","embeddable":true,"href":"https:\/\/iea.cl\/iea\/wp-json\/wp\/v2\/categories?post=8268"},{"taxonomy":"post_tag","embeddable":true,"href":"https:\/\/iea.cl\/iea\/wp-json\/wp\/v2\/tags?post=8268"}],"curies":[{"name":"wp","href":"https:\/\/api.w.org\/{rel}","templated":true}]}}