{"id":9906,"date":"2019-07-08T19:31:42","date_gmt":"2019-07-08T23:31:42","guid":{"rendered":"http:\/\/www.iea.cl\/iea\/?p=9906"},"modified":"2019-07-08T19:33:30","modified_gmt":"2019-07-08T23:33:30","slug":"invitacion-cbec-2-iglesia-santiago","status":"publish","type":"post","link":"https:\/\/iea.cl\/iea\/invitacion-cbec-2-iglesia-santiago\/","title":{"rendered":"INVITACI\u00d3N CBEC 2\u00b0 IGLESIA SANTIAGO"},"content":{"rendered":"\n<ul class=\"wp-block-gallery columns-1 is-cropped wp-block-gallery-1 is-layout-flex wp-block-gallery-is-layout-flex\"><li class=\"blocks-gallery-item\"><figure><img fetchpriority=\"high\" decoding=\"async\" width=\"958\" height=\"712\" src=\"http:\/\/www.iea.cl\/iea\/wp-content\/uploads\/2019\/07\/CBEC-Invierno-1.png\" alt=\"\" data-id=\"9908\" data-link=\"http:\/\/www.iea.cl\/iea\/?attachment_id=9908\" class=\"wp-image-9908\" srcset=\"https:\/\/iea.cl\/iea\/wp-content\/uploads\/2019\/07\/CBEC-Invierno-1.png 958w, https:\/\/iea.cl\/iea\/wp-content\/uploads\/2019\/07\/CBEC-Invierno-1-300x223.png 300w, https:\/\/iea.cl\/iea\/wp-content\/uploads\/2019\/07\/CBEC-Invierno-1-768x571.png 768w\" sizes=\"(max-width: 958px) 100vw, 958px\" \/><figcaption> <\/figcaption><\/figure><\/li><\/ul>\n\n\n\n<p class=\"wp-block-paragraph\" style=\"text-align:left\">Estimados Pastores y Hermanos:Les Saludamos dando gracias a Dios por sus bondades otorgadas hacia cada uno de nosotros. Les escribimos con el fin de PROMOCIONAR y PUBLICITAR el CBEC\u00a0 de la 2\u00b0 Iglesia en Santiago a realizarse en vacaciones de Invierno. Les animamos a que puedan DIVULGAR la informaci\u00f3n en cada una de sus iglesias por si existe el inter\u00e9s de alg\u00fan hermano(a) que quiera participar.\u00a0Les \u00a1extendemos la invitaci\u00f3n! y adem\u00e1s les solicitamos est\u00e9n orando por \u00e9sta actividad, por la iglesia organizadora del curso, los maestros y alumnos que se har\u00e1n presente en \u00e9sta oportunidad.Les adjuntamos la informaci\u00f3n para que puedan comunicarse con los encargados.<br>Saludos<\/p>\n\n\n\n<div class=\"wp-block-file\"><a href=\"http:\/\/www.iea.cl\/iea\/wp-content\/uploads\/2019\/07\/CBEC_2019.pdf\" class=\"wp-block-file__button\" download>Descargar Afiche<\/a><\/div>\n\n\n\n<p class=\"wp-block-paragraph\">Directiva CBEC Nacional <\/p>\n\r\n","protected":false},"excerpt":{"rendered":"<p>INVITACI\u00d3N CBEC 2\u00b0 IGLESIA SANTIAGO<\/p>\n","protected":false},"author":1,"featured_media":9908,"comment_status":"closed","ping_status":"closed","sticky":false,"template":"","format":"standard","meta":{"site-sidebar-layout":"default","site-content-layout":"","ast-site-content-layout":"default","site-content-style":"default","site-sidebar-style":"default","ast-global-header-display":"","ast-banner-title-visibility":"","ast-main-header-display":"","ast-hfb-above-header-display":"","ast-hfb-below-header-display":"","ast-hfb-mobile-header-display":"","site-post-title":"","ast-breadcrumbs-content":"","ast-featured-img":"","footer-sml-layout":"","ast-disable-related-posts":"","theme-transparent-header-meta":"","adv-header-id-meta":"","stick-header-meta":"","header-above-stick-meta":"","header-main-stick-meta":"","header-below-stick-meta":"","astra-migrate-meta-layouts":"default","ast-page-background-enabled":"default","ast-page-background-meta":{"desktop":{"background-color":"var(--ast-global-color-5)","background-image":"","background-repeat":"repeat","background-position":"center center","background-size":"auto","background-attachment":"scroll","background-type":"","background-media":"","overlay-type":"","overlay-color":"","overlay-opacity":"","overlay-gradient":""},"tablet":{"background-color":"","background-image":"","background-repeat":"repeat","background-position":"center center","background-size":"auto","background-attachment":"scroll","background-type":"","background-media":"","overlay-type":"","overlay-color":"","overlay-opacity":"","overlay-gradient":""},"mobile":{"background-color":"","background-image":"","background-repeat":"repeat","background-position":"center center","background-size":"auto","background-attachment":"scroll","background-type":"","background-media":"","overlay-type":"","overlay-color":"","overlay-opacity":"","overlay-gradient":""}},"ast-content-background-meta":{"desktop":{"background-color":"var(--ast-global-color-4)","background-image":"","background-repeat":"repeat","background-position":"center center","background-size":"auto","background-attachment":"scroll","background-type":"","background-media":"","overlay-type":"","overlay-color":"","overlay-opacity":"","overlay-gradient":""},"tablet":{"background-color":"var(--ast-global-color-4)","background-image":"","background-repeat":"repeat","background-position":"center center","background-size":"auto","background-attachment":"scroll","background-type":"","background-media":"","overlay-type":"","overlay-color":"","overlay-opacity":"","overlay-gradient":""},"mobile":{"background-color":"var(--ast-global-color-4)","background-image":"","background-repeat":"repeat","background-position":"center center","background-size":"auto","background-attachment":"scroll","background-type":"","background-media":"","overlay-type":"","overlay-color":"","overlay-opacity":"","overlay-gradient":""}},"_jetpack_newsletter_access":"","_jetpack_dont_email_post_to_subs":false,"_jetpack_newsletter_tier_id":0,"_jetpack_memberships_contains_paywalled_content":false,"_jetpack_feature_clip_id":0,"_jetpack_memberships_contains_paid_content":false,"footnotes":"","jetpack_post_was_ever_published":false},"categories":[84,8],"tags":[],"class_list":["post-9906","post","type-post","status-publish","format-standard","has-post-thumbnail","hentry","category-cbec","category-noticias"],"yoast_head":"<!-- This site is optimized with the Yoast SEO plugin v28.4 - https:\/\/yoast.com\/product\/yoast-seo-wordpress\/ -->\n<title>INVITACI\u00d3N CBEC 2\u00b0 IGLESIA SANTIAGO - Iglesia Evang\u00e9lica Aliancista (IEA)<\/title>\n<meta name=\"robots\" content=\"index, follow, max-snippet:-1, max-image-preview:large, max-video-preview:-1\" \/>\n<link rel=\"canonical\" href=\"https:\/\/iea.cl\/iea\/invitacion-cbec-2-iglesia-santiago\/\" \/>\n<meta property=\"og:locale\" content=\"es_ES\" \/>\n<meta property=\"og:type\" content=\"article\" \/>\n<meta property=\"og:title\" content=\"INVITACI\u00d3N CBEC 2\u00b0 IGLESIA SANTIAGO - Iglesia Evang\u00e9lica Aliancista (IEA)\" \/>\n<meta property=\"og:description\" content=\"INVITACI\u00d3N CBEC 2\u00b0 IGLESIA SANTIAGO\" \/>\n<meta property=\"og:url\" content=\"https:\/\/iea.cl\/iea\/invitacion-cbec-2-iglesia-santiago\/\" \/>\n<meta property=\"og:site_name\" content=\"Iglesia Evang\u00e9lica Aliancista (IEA)\" \/>\n<meta property=\"article:publisher\" content=\"https:\/\/www.facebook.com\/iglesiasevangelicasaliancistas\/\" \/>\n<meta property=\"article:published_time\" content=\"2019-07-08T23:31:42+00:00\" \/>\n<meta property=\"article:modified_time\" content=\"2019-07-08T23:33:30+00:00\" \/>\n<meta property=\"og:image\" content=\"https:\/\/iea.cl\/iea\/wp-content\/uploads\/2019\/07\/CBEC-Invierno-1.png\" \/>\n\t<meta property=\"og:image:width\" content=\"958\" \/>\n\t<meta property=\"og:image:height\" content=\"712\" \/>\n\t<meta property=\"og:image:type\" content=\"image\/png\" \/>\n<meta name=\"author\" content=\"Administrador IEA\" \/>\n<meta name=\"twitter:card\" content=\"summary_large_image\" \/>\n<meta name=\"twitter:label1\" content=\"Escrito por\" \/>\n\t<meta name=\"twitter:data1\" content=\"Administrador IEA\" \/>\n\t<meta name=\"twitter:label2\" content=\"Tiempo estimado de lectura\" \/>\n\t<meta name=\"twitter:data2\" content=\"1 minuto\" \/>\n<script type=\"application\/ld+json\" class=\"yoast-schema-graph\">{\"@context\":\"https:\\\/\\\/schema.org\",\"@graph\":[{\"@type\":\"Article\",\"@id\":\"https:\\\/\\\/iea.cl\\\/iea\\\/invitacion-cbec-2-iglesia-santiago\\\/#article\",\"isPartOf\":{\"@id\":\"https:\\\/\\\/iea.cl\\\/iea\\\/invitacion-cbec-2-iglesia-santiago\\\/\"},\"author\":{\"name\":\"Administrador IEA\",\"@id\":\"https:\\\/\\\/iea.cl\\\/iea\\\/#\\\/schema\\\/person\\\/a869a2aa9155c48929d81a6b94423e26\"},\"headline\":\"INVITACI\u00d3N CBEC 2\u00b0 IGLESIA SANTIAGO\",\"datePublished\":\"2019-07-08T23:31:42+00:00\",\"dateModified\":\"2019-07-08T23:33:30+00:00\",\"mainEntityOfPage\":{\"@id\":\"https:\\\/\\\/iea.cl\\\/iea\\\/invitacion-cbec-2-iglesia-santiago\\\/\"},\"wordCount\":127,\"publisher\":{\"@id\":\"https:\\\/\\\/iea.cl\\\/iea\\\/#organization\"},\"image\":{\"@id\":\"https:\\\/\\\/iea.cl\\\/iea\\\/invitacion-cbec-2-iglesia-santiago\\\/#primaryimage\"},\"thumbnailUrl\":\"https:\\\/\\\/iea.cl\\\/iea\\\/wp-content\\\/uploads\\\/2019\\\/07\\\/CBEC-Invierno-1.png\",\"articleSection\":[\"CBEC\",\"Noticias\"],\"inLanguage\":\"es-CL\"},{\"@type\":\"WebPage\",\"@id\":\"https:\\\/\\\/iea.cl\\\/iea\\\/invitacion-cbec-2-iglesia-santiago\\\/\",\"url\":\"https:\\\/\\\/iea.cl\\\/iea\\\/invitacion-cbec-2-iglesia-santiago\\\/\",\"name\":\"INVITACI\u00d3N CBEC 2\u00b0 IGLESIA SANTIAGO - Iglesia Evang\u00e9lica Aliancista (IEA)\",\"isPartOf\":{\"@id\":\"https:\\\/\\\/iea.cl\\\/iea\\\/#website\"},\"primaryImageOfPage\":{\"@id\":\"https:\\\/\\\/iea.cl\\\/iea\\\/invitacion-cbec-2-iglesia-santiago\\\/#primaryimage\"},\"image\":{\"@id\":\"https:\\\/\\\/iea.cl\\\/iea\\\/invitacion-cbec-2-iglesia-santiago\\\/#primaryimage\"},\"thumbnailUrl\":\"https:\\\/\\\/iea.cl\\\/iea\\\/wp-content\\\/uploads\\\/2019\\\/07\\\/CBEC-Invierno-1.png\",\"datePublished\":\"2019-07-08T23:31:42+00:00\",\"dateModified\":\"2019-07-08T23:33:30+00:00\",\"breadcrumb\":{\"@id\":\"https:\\\/\\\/iea.cl\\\/iea\\\/invitacion-cbec-2-iglesia-santiago\\\/#breadcrumb\"},\"inLanguage\":\"es-CL\",\"potentialAction\":[{\"@type\":\"ReadAction\",\"target\":[\"https:\\\/\\\/iea.cl\\\/iea\\\/invitacion-cbec-2-iglesia-santiago\\\/\"]}]},{\"@type\":\"ImageObject\",\"inLanguage\":\"es-CL\",\"@id\":\"https:\\\/\\\/iea.cl\\\/iea\\\/invitacion-cbec-2-iglesia-santiago\\\/#primaryimage\",\"url\":\"https:\\\/\\\/iea.cl\\\/iea\\\/wp-content\\\/uploads\\\/2019\\\/07\\\/CBEC-Invierno-1.png\",\"contentUrl\":\"https:\\\/\\\/iea.cl\\\/iea\\\/wp-content\\\/uploads\\\/2019\\\/07\\\/CBEC-Invierno-1.png\",\"width\":958,\"height\":712},{\"@type\":\"BreadcrumbList\",\"@id\":\"https:\\\/\\\/iea.cl\\\/iea\\\/invitacion-cbec-2-iglesia-santiago\\\/#breadcrumb\",\"itemListElement\":[{\"@type\":\"ListItem\",\"position\":1,\"name\":\"Portada\",\"item\":\"https:\\\/\\\/iea.cl\\\/iea\\\/\"},{\"@type\":\"ListItem\",\"position\":2,\"name\":\"INVITACI\u00d3N CBEC 2\u00b0 IGLESIA SANTIAGO\"}]},{\"@type\":\"WebSite\",\"@id\":\"https:\\\/\\\/iea.cl\\\/iea\\\/#website\",\"url\":\"https:\\\/\\\/iea.cl\\\/iea\\\/\",\"name\":\"Iglesia Evang\u00e9lica Aliancista (IEA)\",\"description\":\"Creciendo , Predicando y Defendiendo La Palabra de Dios.\",\"publisher\":{\"@id\":\"https:\\\/\\\/iea.cl\\\/iea\\\/#organization\"},\"alternateName\":\"iea.cl\",\"potentialAction\":[{\"@type\":\"SearchAction\",\"target\":{\"@type\":\"EntryPoint\",\"urlTemplate\":\"https:\\\/\\\/iea.cl\\\/iea\\\/?s={search_term_string}\"},\"query-input\":{\"@type\":\"PropertyValueSpecification\",\"valueRequired\":true,\"valueName\":\"search_term_string\"}}],\"inLanguage\":\"es-CL\"},{\"@type\":\"Organization\",\"@id\":\"https:\\\/\\\/iea.cl\\\/iea\\\/#organization\",\"name\":\"Iglesia Evangelica Aliancista\",\"alternateName\":\"iea.cl\",\"url\":\"https:\\\/\\\/iea.cl\\\/iea\\\/\",\"logo\":{\"@type\":\"ImageObject\",\"inLanguage\":\"es-CL\",\"@id\":\"https:\\\/\\\/iea.cl\\\/iea\\\/#\\\/schema\\\/logo\\\/image\\\/\",\"url\":\"https:\\\/\\\/iea.cl\\\/iea\\\/wp-content\\\/uploads\\\/2022\\\/01\\\/logo-iea-Ico.png\",\"contentUrl\":\"https:\\\/\\\/iea.cl\\\/iea\\\/wp-content\\\/uploads\\\/2022\\\/01\\\/logo-iea-Ico.png\",\"width\":185,\"height\":231,\"caption\":\"Iglesia Evangelica Aliancista\"},\"image\":{\"@id\":\"https:\\\/\\\/iea.cl\\\/iea\\\/#\\\/schema\\\/logo\\\/image\\\/\"},\"sameAs\":[\"https:\\\/\\\/www.facebook.com\\\/iglesiasevangelicasaliancistas\\\/\",\"https:\\\/\\\/www.youtube.com\\\/channel\\\/UCGYq0Rj6sj-VqrqweaW0HhA\\\/videos\"]},{\"@type\":\"Person\",\"@id\":\"https:\\\/\\\/iea.cl\\\/iea\\\/#\\\/schema\\\/person\\\/a869a2aa9155c48929d81a6b94423e26\",\"name\":\"Administrador IEA\",\"image\":{\"@type\":\"ImageObject\",\"inLanguage\":\"es-CL\",\"@id\":\"https:\\\/\\\/secure.gravatar.com\\\/avatar\\\/e774178c1125fe439d527d59f09462fd9c1c12da632145be1cf1b9645de34074?s=96&d=mm&r=g\",\"url\":\"https:\\\/\\\/secure.gravatar.com\\\/avatar\\\/e774178c1125fe439d527d59f09462fd9c1c12da632145be1cf1b9645de34074?s=96&d=mm&r=g\",\"contentUrl\":\"https:\\\/\\\/secure.gravatar.com\\\/avatar\\\/e774178c1125fe439d527d59f09462fd9c1c12da632145be1cf1b9645de34074?s=96&d=mm&r=g\",\"caption\":\"Administrador IEA\"}}]}<\/script>\n<!-- \/ Yoast SEO plugin. -->","yoast_head_json":{"title":"INVITACI\u00d3N CBEC 2\u00b0 IGLESIA SANTIAGO - Iglesia Evang\u00e9lica Aliancista (IEA)","robots":{"index":"index","follow":"follow","max-snippet":"max-snippet:-1","max-image-preview":"max-image-preview:large","max-video-preview":"max-video-preview:-1"},"canonical":"https:\/\/iea.cl\/iea\/invitacion-cbec-2-iglesia-santiago\/","og_locale":"es_ES","og_type":"article","og_title":"INVITACI\u00d3N CBEC 2\u00b0 IGLESIA SANTIAGO - Iglesia Evang\u00e9lica Aliancista (IEA)","og_description":"INVITACI\u00d3N CBEC 2\u00b0 IGLESIA SANTIAGO","og_url":"https:\/\/iea.cl\/iea\/invitacion-cbec-2-iglesia-santiago\/","og_site_name":"Iglesia Evang\u00e9lica Aliancista (IEA)","article_publisher":"https:\/\/www.facebook.com\/iglesiasevangelicasaliancistas\/","article_published_time":"2019-07-08T23:31:42+00:00","article_modified_time":"2019-07-08T23:33:30+00:00","og_image":[{"width":958,"height":712,"url":"https:\/\/iea.cl\/iea\/wp-content\/uploads\/2019\/07\/CBEC-Invierno-1.png","type":"image\/png"}],"author":"Administrador IEA","twitter_card":"summary_large_image","twitter_misc":{"Escrito por":"Administrador IEA","Tiempo estimado de lectura":"1 minuto"},"schema":{"@context":"https:\/\/schema.org","@graph":[{"@type":"Article","@id":"https:\/\/iea.cl\/iea\/invitacion-cbec-2-iglesia-santiago\/#article","isPartOf":{"@id":"https:\/\/iea.cl\/iea\/invitacion-cbec-2-iglesia-santiago\/"},"author":{"name":"Administrador IEA","@id":"https:\/\/iea.cl\/iea\/#\/schema\/person\/a869a2aa9155c48929d81a6b94423e26"},"headline":"INVITACI\u00d3N CBEC 2\u00b0 IGLESIA SANTIAGO","datePublished":"2019-07-08T23:31:42+00:00","dateModified":"2019-07-08T23:33:30+00:00","mainEntityOfPage":{"@id":"https:\/\/iea.cl\/iea\/invitacion-cbec-2-iglesia-santiago\/"},"wordCount":127,"publisher":{"@id":"https:\/\/iea.cl\/iea\/#organization"},"image":{"@id":"https:\/\/iea.cl\/iea\/invitacion-cbec-2-iglesia-santiago\/#primaryimage"},"thumbnailUrl":"https:\/\/iea.cl\/iea\/wp-content\/uploads\/2019\/07\/CBEC-Invierno-1.png","articleSection":["CBEC","Noticias"],"inLanguage":"es-CL"},{"@type":"WebPage","@id":"https:\/\/iea.cl\/iea\/invitacion-cbec-2-iglesia-santiago\/","url":"https:\/\/iea.cl\/iea\/invitacion-cbec-2-iglesia-santiago\/","name":"INVITACI\u00d3N CBEC 2\u00b0 IGLESIA SANTIAGO - Iglesia Evang\u00e9lica Aliancista (IEA)","isPartOf":{"@id":"https:\/\/iea.cl\/iea\/#website"},"primaryImageOfPage":{"@id":"https:\/\/iea.cl\/iea\/invitacion-cbec-2-iglesia-santiago\/#primaryimage"},"image":{"@id":"https:\/\/iea.cl\/iea\/invitacion-cbec-2-iglesia-santiago\/#primaryimage"},"thumbnailUrl":"https:\/\/iea.cl\/iea\/wp-content\/uploads\/2019\/07\/CBEC-Invierno-1.png","datePublished":"2019-07-08T23:31:42+00:00","dateModified":"2019-07-08T23:33:30+00:00","breadcrumb":{"@id":"https:\/\/iea.cl\/iea\/invitacion-cbec-2-iglesia-santiago\/#breadcrumb"},"inLanguage":"es-CL","potentialAction":[{"@type":"ReadAction","target":["https:\/\/iea.cl\/iea\/invitacion-cbec-2-iglesia-santiago\/"]}]},{"@type":"ImageObject","inLanguage":"es-CL","@id":"https:\/\/iea.cl\/iea\/invitacion-cbec-2-iglesia-santiago\/#primaryimage","url":"https:\/\/iea.cl\/iea\/wp-content\/uploads\/2019\/07\/CBEC-Invierno-1.png","contentUrl":"https:\/\/iea.cl\/iea\/wp-content\/uploads\/2019\/07\/CBEC-Invierno-1.png","width":958,"height":712},{"@type":"BreadcrumbList","@id":"https:\/\/iea.cl\/iea\/invitacion-cbec-2-iglesia-santiago\/#breadcrumb","itemListElement":[{"@type":"ListItem","position":1,"name":"Portada","item":"https:\/\/iea.cl\/iea\/"},{"@type":"ListItem","position":2,"name":"INVITACI\u00d3N CBEC 2\u00b0 IGLESIA SANTIAGO"}]},{"@type":"WebSite","@id":"https:\/\/iea.cl\/iea\/#website","url":"https:\/\/iea.cl\/iea\/","name":"Iglesia Evang\u00e9lica Aliancista (IEA)","description":"Creciendo , Predicando y Defendiendo La Palabra de Dios.","publisher":{"@id":"https:\/\/iea.cl\/iea\/#organization"},"alternateName":"iea.cl","potentialAction":[{"@type":"SearchAction","target":{"@type":"EntryPoint","urlTemplate":"https:\/\/iea.cl\/iea\/?s={search_term_string}"},"query-input":{"@type":"PropertyValueSpecification","valueRequired":true,"valueName":"search_term_string"}}],"inLanguage":"es-CL"},{"@type":"Organization","@id":"https:\/\/iea.cl\/iea\/#organization","name":"Iglesia Evangelica Aliancista","alternateName":"iea.cl","url":"https:\/\/iea.cl\/iea\/","logo":{"@type":"ImageObject","inLanguage":"es-CL","@id":"https:\/\/iea.cl\/iea\/#\/schema\/logo\/image\/","url":"https:\/\/iea.cl\/iea\/wp-content\/uploads\/2022\/01\/logo-iea-Ico.png","contentUrl":"https:\/\/iea.cl\/iea\/wp-content\/uploads\/2022\/01\/logo-iea-Ico.png","width":185,"height":231,"caption":"Iglesia Evangelica Aliancista"},"image":{"@id":"https:\/\/iea.cl\/iea\/#\/schema\/logo\/image\/"},"sameAs":["https:\/\/www.facebook.com\/iglesiasevangelicasaliancistas\/","https:\/\/www.youtube.com\/channel\/UCGYq0Rj6sj-VqrqweaW0HhA\/videos"]},{"@type":"Person","@id":"https:\/\/iea.cl\/iea\/#\/schema\/person\/a869a2aa9155c48929d81a6b94423e26","name":"Administrador IEA","image":{"@type":"ImageObject","inLanguage":"es-CL","@id":"https:\/\/secure.gravatar.com\/avatar\/e774178c1125fe439d527d59f09462fd9c1c12da632145be1cf1b9645de34074?s=96&d=mm&r=g","url":"https:\/\/secure.gravatar.com\/avatar\/e774178c1125fe439d527d59f09462fd9c1c12da632145be1cf1b9645de34074?s=96&d=mm&r=g","contentUrl":"https:\/\/secure.gravatar.com\/avatar\/e774178c1125fe439d527d59f09462fd9c1c12da632145be1cf1b9645de34074?s=96&d=mm&r=g","caption":"Administrador IEA"}}]}},"jetpack_sharing_enabled":true,"jetpack_featured_media_url":"https:\/\/iea.cl\/iea\/wp-content\/uploads\/2019\/07\/CBEC-Invierno-1.png","_links":{"self":[{"href":"https:\/\/iea.cl\/iea\/wp-json\/wp\/v2\/posts\/9906","targetHints":{"allow":["GET"]}}],"collection":[{"href":"https:\/\/iea.cl\/iea\/wp-json\/wp\/v2\/posts"}],"about":[{"href":"https:\/\/iea.cl\/iea\/wp-json\/wp\/v2\/types\/post"}],"author":[{"embeddable":true,"href":"https:\/\/iea.cl\/iea\/wp-json\/wp\/v2\/users\/1"}],"replies":[{"embeddable":true,"href":"https:\/\/iea.cl\/iea\/wp-json\/wp\/v2\/comments?post=9906"}],"version-history":[{"count":3,"href":"https:\/\/iea.cl\/iea\/wp-json\/wp\/v2\/posts\/9906\/revisions"}],"predecessor-version":[{"id":9912,"href":"https:\/\/iea.cl\/iea\/wp-json\/wp\/v2\/posts\/9906\/revisions\/9912"}],"wp:featuredmedia":[{"embeddable":true,"href":"https:\/\/iea.cl\/iea\/wp-json\/wp\/v2\/media\/9908"}],"wp:attachment":[{"href":"https:\/\/iea.cl\/iea\/wp-json\/wp\/v2\/media?parent=9906"}],"wp:term":[{"taxonomy":"category","embeddable":true,"href":"https:\/\/iea.cl\/iea\/wp-json\/wp\/v2\/categories?post=9906"},{"taxonomy":"post_tag","embeddable":true,"href":"https:\/\/iea.cl\/iea\/wp-json\/wp\/v2\/tags?post=9906"}],"curies":[{"name":"wp","href":"https:\/\/api.w.org\/{rel}","templated":true}]}}