{"id":9948,"date":"2020-04-11T13:39:07","date_gmt":"2020-04-11T17:39:07","guid":{"rendered":"http:\/\/www.iea.cl\/iea\/?p=9948"},"modified":"2020-04-11T13:39:28","modified_gmt":"2020-04-11T17:39:28","slug":"reflexion-de-semana-santa-pastor-presidente-hector-oyarzun","status":"publish","type":"post","link":"https:\/\/iea.cl\/iea\/reflexion-de-semana-santa-pastor-presidente-hector-oyarzun\/","title":{"rendered":"Reflexi\u00f3n de semana santa pastor presidente H\u00e9ctor Oyarz\u00fan"},"content":{"rendered":"\n<figure class=\"wp-block-embed-youtube wp-block-embed\"><div class=\"wp-block-embed__wrapper\">\n<div class=\"epyt-video-wrapper\"><iframe  style=\"display: block; margin: 0px auto;\"  id=\"_ytid_26128\"  width=\"480\" height=\"270\"  data-origwidth=\"480\" data-origheight=\"270\" src=\"https:\/\/www.youtube.com\/embed\/SkIcmZvmNos?enablejsapi=1&#038;origin=https:\/\/iea.cl&#038;autoplay=0&#038;cc_load_policy=1&#038;cc_lang_pref=&#038;iv_load_policy=1&#038;loop=1&#038;playlist=SkIcmZvmNos&#038;rel=1&#038;fs=1&#038;playsinline=0&#038;autohide=2&#038;hl=es_CL&#038;theme=dark&#038;color=red&#038;controls=1&#038;disablekb=0&#038;\" class=\"__youtube_prefs__  epyt-is-override  no-lazyload\" title=\"Reflexi\u00f3n Pastor Presidente H\u00e9ctor Oyarz\u00fan\"  allow=\"fullscreen; accelerometer; autoplay; clipboard-write; encrypted-media; gyroscope; picture-in-picture; web-share\" referrerpolicy=\"strict-origin-when-cross-origin\" allowfullscreen data-no-lazy=\"1\" data-skipgform_ajax_framebjll=\"\"><\/iframe><\/div>\n<\/div><\/figure>\n\r\n","protected":false},"excerpt":{"rendered":"","protected":false},"author":1,"featured_media":9780,"comment_status":"closed","ping_status":"closed","sticky":false,"template":"","format":"standard","meta":{"site-sidebar-layout":"default","site-content-layout":"","ast-site-content-layout":"default","site-content-style":"default","site-sidebar-style":"default","ast-global-header-display":"","ast-banner-title-visibility":"","ast-main-header-display":"","ast-hfb-above-header-display":"","ast-hfb-below-header-display":"","ast-hfb-mobile-header-display":"","site-post-title":"","ast-breadcrumbs-content":"","ast-featured-img":"","footer-sml-layout":"","ast-disable-related-posts":"","theme-transparent-header-meta":"","adv-header-id-meta":"","stick-header-meta":"","header-above-stick-meta":"","header-main-stick-meta":"","header-below-stick-meta":"","astra-migrate-meta-layouts":"default","ast-page-background-enabled":"default","ast-page-background-meta":{"desktop":{"background-color":"var(--ast-global-color-5)","background-image":"","background-repeat":"repeat","background-position":"center center","background-size":"auto","background-attachment":"scroll","background-type":"","background-media":"","overlay-type":"","overlay-color":"","overlay-opacity":"","overlay-gradient":""},"tablet":{"background-color":"","background-image":"","background-repeat":"repeat","background-position":"center center","background-size":"auto","background-attachment":"scroll","background-type":"","background-media":"","overlay-type":"","overlay-color":"","overlay-opacity":"","overlay-gradient":""},"mobile":{"background-color":"","background-image":"","background-repeat":"repeat","background-position":"center center","background-size":"auto","background-attachment":"scroll","background-type":"","background-media":"","overlay-type":"","overlay-color":"","overlay-opacity":"","overlay-gradient":""}},"ast-content-background-meta":{"desktop":{"background-color":"var(--ast-global-color-4)","background-image":"","background-repeat":"repeat","background-position":"center center","background-size":"auto","background-attachment":"scroll","background-type":"","background-media":"","overlay-type":"","overlay-color":"","overlay-opacity":"","overlay-gradient":""},"tablet":{"background-color":"var(--ast-global-color-4)","background-image":"","background-repeat":"repeat","background-position":"center center","background-size":"auto","background-attachment":"scroll","background-type":"","background-media":"","overlay-type":"","overlay-color":"","overlay-opacity":"","overlay-gradient":""},"mobile":{"background-color":"var(--ast-global-color-4)","background-image":"","background-repeat":"repeat","background-position":"center center","background-size":"auto","background-attachment":"scroll","background-type":"","background-media":"","overlay-type":"","overlay-color":"","overlay-opacity":"","overlay-gradient":""}},"_jetpack_newsletter_access":"","_jetpack_dont_email_post_to_subs":false,"_jetpack_newsletter_tier_id":0,"_jetpack_memberships_contains_paywalled_content":false,"_jetpack_feature_clip_id":0,"_jetpack_memberships_contains_paid_content":false,"footnotes":"","jetpack_post_was_ever_published":false},"categories":[91,8,92],"tags":[],"class_list":["post-9948","post","type-post","status-publish","format-standard","has-post-thumbnail","hentry","category-covid-19","category-noticias","category-reflexion-biblica"],"yoast_head":"<!-- This site is optimized with the Yoast SEO plugin v28.4 - https:\/\/yoast.com\/product\/yoast-seo-wordpress\/ -->\n<title>Reflexi\u00f3n de semana santa pastor presidente H\u00e9ctor Oyarz\u00fan - Iglesia Evang\u00e9lica Aliancista (IEA)<\/title>\n<meta name=\"robots\" content=\"index, follow, max-snippet:-1, max-image-preview:large, max-video-preview:-1\" \/>\n<link rel=\"canonical\" href=\"https:\/\/iea.cl\/iea\/reflexion-de-semana-santa-pastor-presidente-hector-oyarzun\/\" \/>\n<meta property=\"og:locale\" content=\"es_ES\" \/>\n<meta property=\"og:type\" content=\"article\" \/>\n<meta property=\"og:title\" content=\"Reflexi\u00f3n de semana santa pastor presidente H\u00e9ctor Oyarz\u00fan - Iglesia Evang\u00e9lica Aliancista (IEA)\" \/>\n<meta property=\"og:url\" content=\"https:\/\/iea.cl\/iea\/reflexion-de-semana-santa-pastor-presidente-hector-oyarzun\/\" \/>\n<meta property=\"og:site_name\" content=\"Iglesia Evang\u00e9lica Aliancista (IEA)\" \/>\n<meta property=\"article:publisher\" content=\"https:\/\/www.facebook.com\/iglesiasevangelicasaliancistas\/\" \/>\n<meta property=\"article:published_time\" content=\"2020-04-11T17:39:07+00:00\" \/>\n<meta property=\"article:modified_time\" content=\"2020-04-11T17:39:28+00:00\" \/>\n<meta property=\"og:image\" content=\"https:\/\/iea.cl\/iea\/wp-content\/uploads\/2018\/12\/IMG_4889.jpg\" \/>\n\t<meta property=\"og:image:width\" content=\"853\" \/>\n\t<meta property=\"og:image:height\" content=\"1280\" \/>\n\t<meta property=\"og:image:type\" content=\"image\/jpeg\" \/>\n<meta name=\"author\" content=\"Administrador IEA\" \/>\n<meta name=\"twitter:card\" content=\"summary_large_image\" \/>\n<meta name=\"twitter:label1\" content=\"Escrito por\" \/>\n\t<meta name=\"twitter:data1\" content=\"Administrador IEA\" \/>\n<script type=\"application\/ld+json\" class=\"yoast-schema-graph\">{\"@context\":\"https:\\\/\\\/schema.org\",\"@graph\":[{\"@type\":\"Article\",\"@id\":\"https:\\\/\\\/iea.cl\\\/iea\\\/reflexion-de-semana-santa-pastor-presidente-hector-oyarzun\\\/#article\",\"isPartOf\":{\"@id\":\"https:\\\/\\\/iea.cl\\\/iea\\\/reflexion-de-semana-santa-pastor-presidente-hector-oyarzun\\\/\"},\"author\":{\"name\":\"Administrador IEA\",\"@id\":\"https:\\\/\\\/iea.cl\\\/iea\\\/#\\\/schema\\\/person\\\/a869a2aa9155c48929d81a6b94423e26\"},\"headline\":\"Reflexi\u00f3n de semana santa pastor presidente H\u00e9ctor Oyarz\u00fan\",\"datePublished\":\"2020-04-11T17:39:07+00:00\",\"dateModified\":\"2020-04-11T17:39:28+00:00\",\"mainEntityOfPage\":{\"@id\":\"https:\\\/\\\/iea.cl\\\/iea\\\/reflexion-de-semana-santa-pastor-presidente-hector-oyarzun\\\/\"},\"wordCount\":15,\"publisher\":{\"@id\":\"https:\\\/\\\/iea.cl\\\/iea\\\/#organization\"},\"image\":{\"@id\":\"https:\\\/\\\/iea.cl\\\/iea\\\/reflexion-de-semana-santa-pastor-presidente-hector-oyarzun\\\/#primaryimage\"},\"thumbnailUrl\":\"https:\\\/\\\/iea.cl\\\/iea\\\/wp-content\\\/uploads\\\/2018\\\/12\\\/IMG_4889.jpg\",\"articleSection\":[\"Covid-19\",\"Noticias\",\"Reflexi\u00f3n Biblica\"],\"inLanguage\":\"es-CL\"},{\"@type\":\"WebPage\",\"@id\":\"https:\\\/\\\/iea.cl\\\/iea\\\/reflexion-de-semana-santa-pastor-presidente-hector-oyarzun\\\/\",\"url\":\"https:\\\/\\\/iea.cl\\\/iea\\\/reflexion-de-semana-santa-pastor-presidente-hector-oyarzun\\\/\",\"name\":\"Reflexi\u00f3n de semana santa pastor presidente H\u00e9ctor Oyarz\u00fan - Iglesia Evang\u00e9lica Aliancista (IEA)\",\"isPartOf\":{\"@id\":\"https:\\\/\\\/iea.cl\\\/iea\\\/#website\"},\"primaryImageOfPage\":{\"@id\":\"https:\\\/\\\/iea.cl\\\/iea\\\/reflexion-de-semana-santa-pastor-presidente-hector-oyarzun\\\/#primaryimage\"},\"image\":{\"@id\":\"https:\\\/\\\/iea.cl\\\/iea\\\/reflexion-de-semana-santa-pastor-presidente-hector-oyarzun\\\/#primaryimage\"},\"thumbnailUrl\":\"https:\\\/\\\/iea.cl\\\/iea\\\/wp-content\\\/uploads\\\/2018\\\/12\\\/IMG_4889.jpg\",\"datePublished\":\"2020-04-11T17:39:07+00:00\",\"dateModified\":\"2020-04-11T17:39:28+00:00\",\"breadcrumb\":{\"@id\":\"https:\\\/\\\/iea.cl\\\/iea\\\/reflexion-de-semana-santa-pastor-presidente-hector-oyarzun\\\/#breadcrumb\"},\"inLanguage\":\"es-CL\",\"potentialAction\":[{\"@type\":\"ReadAction\",\"target\":[\"https:\\\/\\\/iea.cl\\\/iea\\\/reflexion-de-semana-santa-pastor-presidente-hector-oyarzun\\\/\"]}]},{\"@type\":\"ImageObject\",\"inLanguage\":\"es-CL\",\"@id\":\"https:\\\/\\\/iea.cl\\\/iea\\\/reflexion-de-semana-santa-pastor-presidente-hector-oyarzun\\\/#primaryimage\",\"url\":\"https:\\\/\\\/iea.cl\\\/iea\\\/wp-content\\\/uploads\\\/2018\\\/12\\\/IMG_4889.jpg\",\"contentUrl\":\"https:\\\/\\\/iea.cl\\\/iea\\\/wp-content\\\/uploads\\\/2018\\\/12\\\/IMG_4889.jpg\",\"width\":853,\"height\":1280},{\"@type\":\"BreadcrumbList\",\"@id\":\"https:\\\/\\\/iea.cl\\\/iea\\\/reflexion-de-semana-santa-pastor-presidente-hector-oyarzun\\\/#breadcrumb\",\"itemListElement\":[{\"@type\":\"ListItem\",\"position\":1,\"name\":\"Portada\",\"item\":\"https:\\\/\\\/iea.cl\\\/iea\\\/\"},{\"@type\":\"ListItem\",\"position\":2,\"name\":\"Reflexi\u00f3n de semana santa pastor presidente H\u00e9ctor Oyarz\u00fan\"}]},{\"@type\":\"WebSite\",\"@id\":\"https:\\\/\\\/iea.cl\\\/iea\\\/#website\",\"url\":\"https:\\\/\\\/iea.cl\\\/iea\\\/\",\"name\":\"Iglesia Evang\u00e9lica Aliancista (IEA)\",\"description\":\"Creciendo , Predicando y Defendiendo La Palabra de Dios.\",\"publisher\":{\"@id\":\"https:\\\/\\\/iea.cl\\\/iea\\\/#organization\"},\"alternateName\":\"iea.cl\",\"potentialAction\":[{\"@type\":\"SearchAction\",\"target\":{\"@type\":\"EntryPoint\",\"urlTemplate\":\"https:\\\/\\\/iea.cl\\\/iea\\\/?s={search_term_string}\"},\"query-input\":{\"@type\":\"PropertyValueSpecification\",\"valueRequired\":true,\"valueName\":\"search_term_string\"}}],\"inLanguage\":\"es-CL\"},{\"@type\":\"Organization\",\"@id\":\"https:\\\/\\\/iea.cl\\\/iea\\\/#organization\",\"name\":\"Iglesia Evangelica Aliancista\",\"alternateName\":\"iea.cl\",\"url\":\"https:\\\/\\\/iea.cl\\\/iea\\\/\",\"logo\":{\"@type\":\"ImageObject\",\"inLanguage\":\"es-CL\",\"@id\":\"https:\\\/\\\/iea.cl\\\/iea\\\/#\\\/schema\\\/logo\\\/image\\\/\",\"url\":\"https:\\\/\\\/iea.cl\\\/iea\\\/wp-content\\\/uploads\\\/2022\\\/01\\\/logo-iea-Ico.png\",\"contentUrl\":\"https:\\\/\\\/iea.cl\\\/iea\\\/wp-content\\\/uploads\\\/2022\\\/01\\\/logo-iea-Ico.png\",\"width\":185,\"height\":231,\"caption\":\"Iglesia Evangelica Aliancista\"},\"image\":{\"@id\":\"https:\\\/\\\/iea.cl\\\/iea\\\/#\\\/schema\\\/logo\\\/image\\\/\"},\"sameAs\":[\"https:\\\/\\\/www.facebook.com\\\/iglesiasevangelicasaliancistas\\\/\",\"https:\\\/\\\/www.youtube.com\\\/channel\\\/UCGYq0Rj6sj-VqrqweaW0HhA\\\/videos\"]},{\"@type\":\"Person\",\"@id\":\"https:\\\/\\\/iea.cl\\\/iea\\\/#\\\/schema\\\/person\\\/a869a2aa9155c48929d81a6b94423e26\",\"name\":\"Administrador IEA\",\"image\":{\"@type\":\"ImageObject\",\"inLanguage\":\"es-CL\",\"@id\":\"https:\\\/\\\/secure.gravatar.com\\\/avatar\\\/e774178c1125fe439d527d59f09462fd9c1c12da632145be1cf1b9645de34074?s=96&d=mm&r=g\",\"url\":\"https:\\\/\\\/secure.gravatar.com\\\/avatar\\\/e774178c1125fe439d527d59f09462fd9c1c12da632145be1cf1b9645de34074?s=96&d=mm&r=g\",\"contentUrl\":\"https:\\\/\\\/secure.gravatar.com\\\/avatar\\\/e774178c1125fe439d527d59f09462fd9c1c12da632145be1cf1b9645de34074?s=96&d=mm&r=g\",\"caption\":\"Administrador IEA\"}}]}<\/script>\n<!-- \/ Yoast SEO plugin. -->","yoast_head_json":{"title":"Reflexi\u00f3n de semana santa pastor presidente H\u00e9ctor Oyarz\u00fan - Iglesia Evang\u00e9lica Aliancista (IEA)","robots":{"index":"index","follow":"follow","max-snippet":"max-snippet:-1","max-image-preview":"max-image-preview:large","max-video-preview":"max-video-preview:-1"},"canonical":"https:\/\/iea.cl\/iea\/reflexion-de-semana-santa-pastor-presidente-hector-oyarzun\/","og_locale":"es_ES","og_type":"article","og_title":"Reflexi\u00f3n de semana santa pastor presidente H\u00e9ctor Oyarz\u00fan - Iglesia Evang\u00e9lica Aliancista (IEA)","og_url":"https:\/\/iea.cl\/iea\/reflexion-de-semana-santa-pastor-presidente-hector-oyarzun\/","og_site_name":"Iglesia Evang\u00e9lica Aliancista (IEA)","article_publisher":"https:\/\/www.facebook.com\/iglesiasevangelicasaliancistas\/","article_published_time":"2020-04-11T17:39:07+00:00","article_modified_time":"2020-04-11T17:39:28+00:00","og_image":[{"width":853,"height":1280,"url":"https:\/\/iea.cl\/iea\/wp-content\/uploads\/2018\/12\/IMG_4889.jpg","type":"image\/jpeg"}],"author":"Administrador IEA","twitter_card":"summary_large_image","twitter_misc":{"Escrito por":"Administrador IEA"},"schema":{"@context":"https:\/\/schema.org","@graph":[{"@type":"Article","@id":"https:\/\/iea.cl\/iea\/reflexion-de-semana-santa-pastor-presidente-hector-oyarzun\/#article","isPartOf":{"@id":"https:\/\/iea.cl\/iea\/reflexion-de-semana-santa-pastor-presidente-hector-oyarzun\/"},"author":{"name":"Administrador IEA","@id":"https:\/\/iea.cl\/iea\/#\/schema\/person\/a869a2aa9155c48929d81a6b94423e26"},"headline":"Reflexi\u00f3n de semana santa pastor presidente H\u00e9ctor Oyarz\u00fan","datePublished":"2020-04-11T17:39:07+00:00","dateModified":"2020-04-11T17:39:28+00:00","mainEntityOfPage":{"@id":"https:\/\/iea.cl\/iea\/reflexion-de-semana-santa-pastor-presidente-hector-oyarzun\/"},"wordCount":15,"publisher":{"@id":"https:\/\/iea.cl\/iea\/#organization"},"image":{"@id":"https:\/\/iea.cl\/iea\/reflexion-de-semana-santa-pastor-presidente-hector-oyarzun\/#primaryimage"},"thumbnailUrl":"https:\/\/iea.cl\/iea\/wp-content\/uploads\/2018\/12\/IMG_4889.jpg","articleSection":["Covid-19","Noticias","Reflexi\u00f3n Biblica"],"inLanguage":"es-CL"},{"@type":"WebPage","@id":"https:\/\/iea.cl\/iea\/reflexion-de-semana-santa-pastor-presidente-hector-oyarzun\/","url":"https:\/\/iea.cl\/iea\/reflexion-de-semana-santa-pastor-presidente-hector-oyarzun\/","name":"Reflexi\u00f3n de semana santa pastor presidente H\u00e9ctor Oyarz\u00fan - Iglesia Evang\u00e9lica Aliancista (IEA)","isPartOf":{"@id":"https:\/\/iea.cl\/iea\/#website"},"primaryImageOfPage":{"@id":"https:\/\/iea.cl\/iea\/reflexion-de-semana-santa-pastor-presidente-hector-oyarzun\/#primaryimage"},"image":{"@id":"https:\/\/iea.cl\/iea\/reflexion-de-semana-santa-pastor-presidente-hector-oyarzun\/#primaryimage"},"thumbnailUrl":"https:\/\/iea.cl\/iea\/wp-content\/uploads\/2018\/12\/IMG_4889.jpg","datePublished":"2020-04-11T17:39:07+00:00","dateModified":"2020-04-11T17:39:28+00:00","breadcrumb":{"@id":"https:\/\/iea.cl\/iea\/reflexion-de-semana-santa-pastor-presidente-hector-oyarzun\/#breadcrumb"},"inLanguage":"es-CL","potentialAction":[{"@type":"ReadAction","target":["https:\/\/iea.cl\/iea\/reflexion-de-semana-santa-pastor-presidente-hector-oyarzun\/"]}]},{"@type":"ImageObject","inLanguage":"es-CL","@id":"https:\/\/iea.cl\/iea\/reflexion-de-semana-santa-pastor-presidente-hector-oyarzun\/#primaryimage","url":"https:\/\/iea.cl\/iea\/wp-content\/uploads\/2018\/12\/IMG_4889.jpg","contentUrl":"https:\/\/iea.cl\/iea\/wp-content\/uploads\/2018\/12\/IMG_4889.jpg","width":853,"height":1280},{"@type":"BreadcrumbList","@id":"https:\/\/iea.cl\/iea\/reflexion-de-semana-santa-pastor-presidente-hector-oyarzun\/#breadcrumb","itemListElement":[{"@type":"ListItem","position":1,"name":"Portada","item":"https:\/\/iea.cl\/iea\/"},{"@type":"ListItem","position":2,"name":"Reflexi\u00f3n de semana santa pastor presidente H\u00e9ctor Oyarz\u00fan"}]},{"@type":"WebSite","@id":"https:\/\/iea.cl\/iea\/#website","url":"https:\/\/iea.cl\/iea\/","name":"Iglesia Evang\u00e9lica Aliancista (IEA)","description":"Creciendo , Predicando y Defendiendo La Palabra de Dios.","publisher":{"@id":"https:\/\/iea.cl\/iea\/#organization"},"alternateName":"iea.cl","potentialAction":[{"@type":"SearchAction","target":{"@type":"EntryPoint","urlTemplate":"https:\/\/iea.cl\/iea\/?s={search_term_string}"},"query-input":{"@type":"PropertyValueSpecification","valueRequired":true,"valueName":"search_term_string"}}],"inLanguage":"es-CL"},{"@type":"Organization","@id":"https:\/\/iea.cl\/iea\/#organization","name":"Iglesia Evangelica Aliancista","alternateName":"iea.cl","url":"https:\/\/iea.cl\/iea\/","logo":{"@type":"ImageObject","inLanguage":"es-CL","@id":"https:\/\/iea.cl\/iea\/#\/schema\/logo\/image\/","url":"https:\/\/iea.cl\/iea\/wp-content\/uploads\/2022\/01\/logo-iea-Ico.png","contentUrl":"https:\/\/iea.cl\/iea\/wp-content\/uploads\/2022\/01\/logo-iea-Ico.png","width":185,"height":231,"caption":"Iglesia Evangelica Aliancista"},"image":{"@id":"https:\/\/iea.cl\/iea\/#\/schema\/logo\/image\/"},"sameAs":["https:\/\/www.facebook.com\/iglesiasevangelicasaliancistas\/","https:\/\/www.youtube.com\/channel\/UCGYq0Rj6sj-VqrqweaW0HhA\/videos"]},{"@type":"Person","@id":"https:\/\/iea.cl\/iea\/#\/schema\/person\/a869a2aa9155c48929d81a6b94423e26","name":"Administrador IEA","image":{"@type":"ImageObject","inLanguage":"es-CL","@id":"https:\/\/secure.gravatar.com\/avatar\/e774178c1125fe439d527d59f09462fd9c1c12da632145be1cf1b9645de34074?s=96&d=mm&r=g","url":"https:\/\/secure.gravatar.com\/avatar\/e774178c1125fe439d527d59f09462fd9c1c12da632145be1cf1b9645de34074?s=96&d=mm&r=g","contentUrl":"https:\/\/secure.gravatar.com\/avatar\/e774178c1125fe439d527d59f09462fd9c1c12da632145be1cf1b9645de34074?s=96&d=mm&r=g","caption":"Administrador IEA"}}]}},"jetpack_sharing_enabled":true,"jetpack_featured_media_url":"https:\/\/iea.cl\/iea\/wp-content\/uploads\/2018\/12\/IMG_4889.jpg","_links":{"self":[{"href":"https:\/\/iea.cl\/iea\/wp-json\/wp\/v2\/posts\/9948","targetHints":{"allow":["GET"]}}],"collection":[{"href":"https:\/\/iea.cl\/iea\/wp-json\/wp\/v2\/posts"}],"about":[{"href":"https:\/\/iea.cl\/iea\/wp-json\/wp\/v2\/types\/post"}],"author":[{"embeddable":true,"href":"https:\/\/iea.cl\/iea\/wp-json\/wp\/v2\/users\/1"}],"replies":[{"embeddable":true,"href":"https:\/\/iea.cl\/iea\/wp-json\/wp\/v2\/comments?post=9948"}],"version-history":[{"count":1,"href":"https:\/\/iea.cl\/iea\/wp-json\/wp\/v2\/posts\/9948\/revisions"}],"predecessor-version":[{"id":9949,"href":"https:\/\/iea.cl\/iea\/wp-json\/wp\/v2\/posts\/9948\/revisions\/9949"}],"wp:featuredmedia":[{"embeddable":true,"href":"https:\/\/iea.cl\/iea\/wp-json\/wp\/v2\/media\/9780"}],"wp:attachment":[{"href":"https:\/\/iea.cl\/iea\/wp-json\/wp\/v2\/media?parent=9948"}],"wp:term":[{"taxonomy":"category","embeddable":true,"href":"https:\/\/iea.cl\/iea\/wp-json\/wp\/v2\/categories?post=9948"},{"taxonomy":"post_tag","embeddable":true,"href":"https:\/\/iea.cl\/iea\/wp-json\/wp\/v2\/tags?post=9948"}],"curies":[{"name":"wp","href":"https:\/\/api.w.org\/{rel}","templated":true}]}}